{"id":4381,"date":"2025-02-24T11:35:47","date_gmt":"2025-02-24T11:35:47","guid":{"rendered":"https:\/\/lavocedipianura.it\/?p=4381"},"modified":"2025-02-24T11:48:10","modified_gmt":"2025-02-24T11:48:10","slug":"ii-edizione-dellevento-cugini-e-contorni","status":"publish","type":"post","link":"https:\/\/lavocedipianura.it\/?p=4381","title":{"rendered":"II Edizione dell&#8217;evento &#8220;Cugini e Contorni&#8221;"},"content":{"rendered":"\n<p>Anche quest&#8217;anno ha avuto luogo l&#8217;evento &#8220;<strong>CUGINI &amp; CONTORNI in festa<\/strong>&#8221; che assurge alla 2\u00b0 edizione, la cosiddetta festa della cuginanza dei cugini Nugnes, Mele e Visconti, promossa da <strong>Tommaso e Carla Nugnes<\/strong>. Come ospite alla serata c&#8217;\u00e8 stato <strong>Luca Romano<\/strong>, violinista che con il suo violino ha eseguito l&#8217; Ave Maria . Quale Padre spirituale era presente per la benedizione Padre <strong>Sannino<\/strong> della SDV. La cena spettacolo si \u00e8 tenuta presso Risto Mastunicola alla quale hanno partecipato circa 60 persone della famiglia<strong> NUGNES VISCONTI e MELE <\/strong>nei quali si coglieva la gioia, la serenit\u00e0 e amore.<br>Come ha affermato Tommaso Nugnes &#8221; <em>la cuginanza \u00e8 un ponte d&#8217;amore che collega i ricordi di ieri con gli abbracci di oggi&#8221;<\/em>. Il ringraziamento speciale \u00e8 andato agli artisti amici di famiglia, i presentatori F<strong>ranco e Marianna Monna<\/strong>. L&#8217;artista cantante cugina di famiglia \u00e8 stata <strong>Nunzia Ponzo<\/strong>, presente anche il cabarettista <strong>Carmine Seraponte <\/strong>e poi la bellissima tombolata che ha arricchito la cornice dei ricordi perch\u00e8 cos\u00ec si giocava a casa dei nonni la domenica. Tommaso ha inteso ringraziare tutti perch\u00e9 &#8211; ha detto &#8211; &#8220;<em>i veri artisti della serata siamo stati noi<\/em>&#8221; . &#8220;<em>L&#8217; emozione \u00e8  stata tantissima perch\u00e9    dove c&#8217;\u00e8 emozione c&#8217;\u00e8 Amore&#8221;<\/em> ha affermato Tommaso il quale ha ringraziato sua moglie Carla che gli \u00e8 stata di aiuto nel &#8220;sopportarlo per oltre due mesi per organizzare il bell&#8217;evento&#8221;.<\/p>\n\n\n\n<p class=\"has-text-align-right\">Redazione<\/p>\n\n\n<div class=\"wp-block-image\">\n<figure class=\"aligncenter size-large is-resized\"><img loading=\"lazy\" decoding=\"async\" width=\"1024\" height=\"611\" src=\"https:\/\/lavocedipianura.it\/wp-content\/uploads\/2025\/02\/cugini-tutti-1024x611.jpg\" alt=\"\" class=\"wp-image-4389\" style=\"width:665px;height:auto\" srcset=\"https:\/\/lavocedipianura.it\/wp-content\/uploads\/2025\/02\/cugini-tutti-1024x611.jpg 1024w, https:\/\/lavocedipianura.it\/wp-content\/uploads\/2025\/02\/cugini-tutti-300x179.jpg 300w, https:\/\/lavocedipianura.it\/wp-content\/uploads\/2025\/02\/cugini-tutti-768x458.jpg 768w, https:\/\/lavocedipianura.it\/wp-content\/uploads\/2025\/02\/cugini-tutti-1536x916.jpg 1536w, https:\/\/lavocedipianura.it\/wp-content\/uploads\/2025\/02\/cugini-tutti.jpg 1600w\" sizes=\"auto, (max-width: 1024px) 100vw, 1024px\" \/><\/figure>\n<\/div>\n\n\n<p><\/p>\n\n\n<div class=\"wp-block-image\">\n<figure class=\"aligncenter size-full\"><img loading=\"lazy\" decoding=\"async\" width=\"440\" height=\"614\" src=\"https:\/\/lavocedipianura.it\/wp-content\/uploads\/2025\/02\/to15.jpg\" alt=\"\" class=\"wp-image-4382\" srcset=\"https:\/\/lavocedipianura.it\/wp-content\/uploads\/2025\/02\/to15.jpg 440w, https:\/\/lavocedipianura.it\/wp-content\/uploads\/2025\/02\/to15-215x300.jpg 215w\" sizes=\"auto, (max-width: 440px) 100vw, 440px\" \/><\/figure>\n<\/div>\n\n\n<figure class=\"wp-block-image size-large is-resized\"><img loading=\"lazy\" decoding=\"async\" width=\"1024\" height=\"620\" src=\"https:\/\/lavocedipianura.it\/wp-content\/uploads\/2025\/02\/to8-1024x620.jpg\" alt=\"\" class=\"wp-image-4383\" style=\"width:507px;height:auto\" srcset=\"https:\/\/lavocedipianura.it\/wp-content\/uploads\/2025\/02\/to8-1024x620.jpg 1024w, https:\/\/lavocedipianura.it\/wp-content\/uploads\/2025\/02\/to8-300x182.jpg 300w, https:\/\/lavocedipianura.it\/wp-content\/uploads\/2025\/02\/to8-768x465.jpg 768w, https:\/\/lavocedipianura.it\/wp-content\/uploads\/2025\/02\/to8-1536x930.jpg 1536w, https:\/\/lavocedipianura.it\/wp-content\/uploads\/2025\/02\/to8.jpg 1600w\" sizes=\"auto, (max-width: 1024px) 100vw, 1024px\" \/><\/figure>\n\n\n<div class=\"wp-block-image\">\n<figure class=\"alignleft size-large is-resized\"><img loading=\"lazy\" decoding=\"async\" width=\"1024\" height=\"682\" src=\"https:\/\/lavocedipianura.it\/wp-content\/uploads\/2025\/02\/to1-1024x682.jpg\" alt=\"\" class=\"wp-image-4384\" style=\"width:485px;height:auto\" srcset=\"https:\/\/lavocedipianura.it\/wp-content\/uploads\/2025\/02\/to1-1024x682.jpg 1024w, https:\/\/lavocedipianura.it\/wp-content\/uploads\/2025\/02\/to1-300x200.jpg 300w, https:\/\/lavocedipianura.it\/wp-content\/uploads\/2025\/02\/to1-768x512.jpg 768w, https:\/\/lavocedipianura.it\/wp-content\/uploads\/2025\/02\/to1-1536x1023.jpg 1536w, https:\/\/lavocedipianura.it\/wp-content\/uploads\/2025\/02\/to1.jpg 1600w\" sizes=\"auto, (max-width: 1024px) 100vw, 1024px\" \/><\/figure>\n<\/div>\n\n<div class=\"wp-block-image\">\n<figure class=\"aligncenter size-large is-resized\"><img loading=\"lazy\" decoding=\"async\" width=\"712\" height=\"1024\" src=\"https:\/\/lavocedipianura.it\/wp-content\/uploads\/2025\/02\/to2-712x1024.jpg\" alt=\"\" class=\"wp-image-4385\" style=\"width:371px;height:auto\" srcset=\"https:\/\/lavocedipianura.it\/wp-content\/uploads\/2025\/02\/to2-712x1024.jpg 712w, https:\/\/lavocedipianura.it\/wp-content\/uploads\/2025\/02\/to2-209x300.jpg 209w, https:\/\/lavocedipianura.it\/wp-content\/uploads\/2025\/02\/to2-768x1105.jpg 768w, https:\/\/lavocedipianura.it\/wp-content\/uploads\/2025\/02\/to2-1068x1536.jpg 1068w, https:\/\/lavocedipianura.it\/wp-content\/uploads\/2025\/02\/to2.jpg 1112w\" sizes=\"auto, (max-width: 712px) 100vw, 712px\" \/><\/figure>\n<\/div>\n\n<div class=\"wp-block-image\">\n<figure class=\"alignleft size-large is-resized\"><img loading=\"lazy\" decoding=\"async\" width=\"1024\" height=\"682\" src=\"https:\/\/lavocedipianura.it\/wp-content\/uploads\/2025\/02\/to11-1024x682.jpg\" alt=\"\" class=\"wp-image-4387\" style=\"width:506px;height:auto\" srcset=\"https:\/\/lavocedipianura.it\/wp-content\/uploads\/2025\/02\/to11-1024x682.jpg 1024w, https:\/\/lavocedipianura.it\/wp-content\/uploads\/2025\/02\/to11-300x200.jpg 300w, https:\/\/lavocedipianura.it\/wp-content\/uploads\/2025\/02\/to11-768x512.jpg 768w, https:\/\/lavocedipianura.it\/wp-content\/uploads\/2025\/02\/to11-1536x1023.jpg 1536w, https:\/\/lavocedipianura.it\/wp-content\/uploads\/2025\/02\/to11.jpg 1600w\" sizes=\"auto, (max-width: 1024px) 100vw, 1024px\" \/><\/figure>\n<\/div>\n\n<div class=\"wp-block-image\">\n<figure class=\"alignright size-large is-resized\"><img loading=\"lazy\" decoding=\"async\" width=\"1024\" height=\"682\" src=\"https:\/\/lavocedipianura.it\/wp-content\/uploads\/2025\/02\/to10-1024x682.jpg\" alt=\"\" class=\"wp-image-4388\" style=\"width:503px;height:auto\" srcset=\"https:\/\/lavocedipianura.it\/wp-content\/uploads\/2025\/02\/to10-1024x682.jpg 1024w, https:\/\/lavocedipianura.it\/wp-content\/uploads\/2025\/02\/to10-300x200.jpg 300w, https:\/\/lavocedipianura.it\/wp-content\/uploads\/2025\/02\/to10-768x512.jpg 768w, https:\/\/lavocedipianura.it\/wp-content\/uploads\/2025\/02\/to10-1536x1023.jpg 1536w, https:\/\/lavocedipianura.it\/wp-content\/uploads\/2025\/02\/to10.jpg 1600w\" sizes=\"auto, (max-width: 1024px) 100vw, 1024px\" \/><\/figure>\n<\/div>","protected":false},"excerpt":{"rendered":"<p>Anche quest&#8217;anno ha avuto luogo l&#8217;evento &#8220;CUGINI &amp; CONTORNI in festa&#8221; che assurge alla 2\u00b0 edizione, la cosiddetta festa della cuginanza dei cugini Nugnes, Mele e Visconti, promossa da Tommaso e Carla Nugnes. Come ospite alla serata c&#8217;\u00e8 stato Luca Romano, violinista che con il suo violino ha eseguito l&#8217; Ave Maria . Quale Padre [&hellip;]<\/p>\n","protected":false},"author":2,"featured_media":4389,"comment_status":"open","ping_status":"closed","sticky":false,"template":"","format":"standard","meta":{"footnotes":""},"categories":[1,11],"tags":[],"class_list":["post-4381","post","type-post","status-publish","format-standard","has-post-thumbnail","hentry","category-attualita","category-pianura"],"yoast_head":"<!-- This site is optimized with the Yoast SEO plugin v27.4 - https:\/\/yoast.com\/product\/yoast-seo-wordpress\/ -->\n<title>II Edizione dell&#039;evento &quot;Cugini e Contorni&quot; - LA VOCE DI PIANURA<\/title>\n<meta name=\"robots\" content=\"index, follow, max-snippet:-1, max-image-preview:large, max-video-preview:-1\" \/>\n<link rel=\"canonical\" href=\"https:\/\/lavocedipianura.it\/?p=4381\" \/>\n<meta property=\"og:locale\" content=\"it_IT\" \/>\n<meta property=\"og:type\" content=\"article\" \/>\n<meta property=\"og:title\" content=\"II Edizione dell&#039;evento &quot;Cugini e Contorni&quot; - LA VOCE DI PIANURA\" \/>\n<meta property=\"og:description\" content=\"Anche quest&#8217;anno ha avuto luogo l&#8217;evento &#8220;CUGINI &amp; CONTORNI in festa&#8221; che assurge alla 2\u00b0 edizione, la cosiddetta festa della cuginanza dei cugini Nugnes, Mele e Visconti, promossa da Tommaso e Carla Nugnes. Come ospite alla serata c&#8217;\u00e8 stato Luca Romano, violinista che con il suo violino ha eseguito l&#8217; Ave Maria . Quale Padre [&hellip;]\" \/>\n<meta property=\"og:url\" content=\"https:\/\/lavocedipianura.it\/?p=4381\" \/>\n<meta property=\"og:site_name\" content=\"LA VOCE DI PIANURA\" \/>\n<meta property=\"article:publisher\" content=\"https:\/\/www.facebook.com\/lavoce.dipianuranews\" \/>\n<meta property=\"article:published_time\" content=\"2025-02-24T11:35:47+00:00\" \/>\n<meta property=\"article:modified_time\" content=\"2025-02-24T11:48:10+00:00\" \/>\n<meta property=\"og:image\" content=\"https:\/\/lavocedipianura.it\/wp-content\/uploads\/2025\/02\/cugini-tutti.jpg\" \/>\n\t<meta property=\"og:image:width\" content=\"1600\" \/>\n\t<meta property=\"og:image:height\" content=\"954\" \/>\n\t<meta property=\"og:image:type\" content=\"image\/jpeg\" \/>\n<meta name=\"author\" content=\"La Voce Di Pianura\" \/>\n<meta name=\"twitter:card\" content=\"summary_large_image\" \/>\n<meta name=\"twitter:label1\" content=\"Scritto da\" \/>\n\t<meta name=\"twitter:data1\" content=\"La Voce Di Pianura\" \/>\n\t<meta name=\"twitter:label2\" content=\"Tempo di lettura stimato\" \/>\n\t<meta name=\"twitter:data2\" content=\"3 minuti\" \/>\n<script type=\"application\/ld+json\" class=\"yoast-schema-graph\">{\"@context\":\"https:\\\/\\\/schema.org\",\"@graph\":[{\"@type\":\"Article\",\"@id\":\"https:\\\/\\\/lavocedipianura.it\\\/?p=4381#article\",\"isPartOf\":{\"@id\":\"https:\\\/\\\/lavocedipianura.it\\\/?p=4381\"},\"author\":{\"name\":\"La Voce Di Pianura\",\"@id\":\"https:\\\/\\\/lavocedipianura.it\\\/#\\\/schema\\\/person\\\/2d2d7353b622e7e8469e95bea9855aae\"},\"headline\":\"II Edizione dell&#8217;evento &#8220;Cugini e Contorni&#8221;\",\"datePublished\":\"2025-02-24T11:35:47+00:00\",\"dateModified\":\"2025-02-24T11:48:10+00:00\",\"mainEntityOfPage\":{\"@id\":\"https:\\\/\\\/lavocedipianura.it\\\/?p=4381\"},\"wordCount\":231,\"commentCount\":0,\"publisher\":{\"@id\":\"https:\\\/\\\/lavocedipianura.it\\\/#organization\"},\"image\":{\"@id\":\"https:\\\/\\\/lavocedipianura.it\\\/?p=4381#primaryimage\"},\"thumbnailUrl\":\"https:\\\/\\\/lavocedipianura.it\\\/wp-content\\\/uploads\\\/2025\\\/02\\\/cugini-tutti.jpg\",\"articleSection\":[\"ATTUALITA' - PRIMO PIANO\",\"PIANURA\"],\"inLanguage\":\"it-IT\",\"potentialAction\":[{\"@type\":\"CommentAction\",\"name\":\"Comment\",\"target\":[\"https:\\\/\\\/lavocedipianura.it\\\/?p=4381#respond\"]}]},{\"@type\":\"WebPage\",\"@id\":\"https:\\\/\\\/lavocedipianura.it\\\/?p=4381\",\"url\":\"https:\\\/\\\/lavocedipianura.it\\\/?p=4381\",\"name\":\"II Edizione dell'evento \\\"Cugini e Contorni\\\" - LA VOCE DI PIANURA\",\"isPartOf\":{\"@id\":\"https:\\\/\\\/lavocedipianura.it\\\/#website\"},\"primaryImageOfPage\":{\"@id\":\"https:\\\/\\\/lavocedipianura.it\\\/?p=4381#primaryimage\"},\"image\":{\"@id\":\"https:\\\/\\\/lavocedipianura.it\\\/?p=4381#primaryimage\"},\"thumbnailUrl\":\"https:\\\/\\\/lavocedipianura.it\\\/wp-content\\\/uploads\\\/2025\\\/02\\\/cugini-tutti.jpg\",\"datePublished\":\"2025-02-24T11:35:47+00:00\",\"dateModified\":\"2025-02-24T11:48:10+00:00\",\"breadcrumb\":{\"@id\":\"https:\\\/\\\/lavocedipianura.it\\\/?p=4381#breadcrumb\"},\"inLanguage\":\"it-IT\",\"potentialAction\":[{\"@type\":\"ReadAction\",\"target\":[\"https:\\\/\\\/lavocedipianura.it\\\/?p=4381\"]}]},{\"@type\":\"ImageObject\",\"inLanguage\":\"it-IT\",\"@id\":\"https:\\\/\\\/lavocedipianura.it\\\/?p=4381#primaryimage\",\"url\":\"https:\\\/\\\/lavocedipianura.it\\\/wp-content\\\/uploads\\\/2025\\\/02\\\/cugini-tutti.jpg\",\"contentUrl\":\"https:\\\/\\\/lavocedipianura.it\\\/wp-content\\\/uploads\\\/2025\\\/02\\\/cugini-tutti.jpg\",\"width\":1600,\"height\":954},{\"@type\":\"BreadcrumbList\",\"@id\":\"https:\\\/\\\/lavocedipianura.it\\\/?p=4381#breadcrumb\",\"itemListElement\":[{\"@type\":\"ListItem\",\"position\":1,\"name\":\"Home\",\"item\":\"https:\\\/\\\/lavocedipianura.it\\\/\"},{\"@type\":\"ListItem\",\"position\":2,\"name\":\"II Edizione dell&#8217;evento &#8220;Cugini e Contorni&#8221;\"}]},{\"@type\":\"WebSite\",\"@id\":\"https:\\\/\\\/lavocedipianura.it\\\/#website\",\"url\":\"https:\\\/\\\/lavocedipianura.it\\\/\",\"name\":\"LA VOCE DI PIANURA\",\"description\":\"E NON SOLO ...\",\"publisher\":{\"@id\":\"https:\\\/\\\/lavocedipianura.it\\\/#organization\"},\"potentialAction\":[{\"@type\":\"SearchAction\",\"target\":{\"@type\":\"EntryPoint\",\"urlTemplate\":\"https:\\\/\\\/lavocedipianura.it\\\/?s={search_term_string}\"},\"query-input\":{\"@type\":\"PropertyValueSpecification\",\"valueRequired\":true,\"valueName\":\"search_term_string\"}}],\"inLanguage\":\"it-IT\"},{\"@type\":\"Organization\",\"@id\":\"https:\\\/\\\/lavocedipianura.it\\\/#organization\",\"name\":\"LA VOCE DI PIANURA\",\"url\":\"https:\\\/\\\/lavocedipianura.it\\\/\",\"logo\":{\"@type\":\"ImageObject\",\"inLanguage\":\"it-IT\",\"@id\":\"https:\\\/\\\/lavocedipianura.it\\\/#\\\/schema\\\/logo\\\/image\\\/\",\"url\":\"https:\\\/\\\/lavocedipianura.it\\\/wp-content\\\/uploads\\\/2023\\\/09\\\/cropped-5AEC9D48-F1EC-4405-87BD-B65B00FE3BE3.png\",\"contentUrl\":\"https:\\\/\\\/lavocedipianura.it\\\/wp-content\\\/uploads\\\/2023\\\/09\\\/cropped-5AEC9D48-F1EC-4405-87BD-B65B00FE3BE3.png\",\"width\":1600,\"height\":600,\"caption\":\"LA VOCE DI PIANURA\"},\"image\":{\"@id\":\"https:\\\/\\\/lavocedipianura.it\\\/#\\\/schema\\\/logo\\\/image\\\/\"},\"sameAs\":[\"https:\\\/\\\/www.facebook.com\\\/lavoce.dipianuranews\"]},{\"@type\":\"Person\",\"@id\":\"https:\\\/\\\/lavocedipianura.it\\\/#\\\/schema\\\/person\\\/2d2d7353b622e7e8469e95bea9855aae\",\"name\":\"La Voce Di Pianura\",\"image\":{\"@type\":\"ImageObject\",\"inLanguage\":\"it-IT\",\"@id\":\"https:\\\/\\\/secure.gravatar.com\\\/avatar\\\/cebe499e679fb7b2b2b8e73e14fb76614ae5bbf8c6ca528d79c96519ac1689b2?s=96&d=mm&r=g\",\"url\":\"https:\\\/\\\/secure.gravatar.com\\\/avatar\\\/cebe499e679fb7b2b2b8e73e14fb76614ae5bbf8c6ca528d79c96519ac1689b2?s=96&d=mm&r=g\",\"contentUrl\":\"https:\\\/\\\/secure.gravatar.com\\\/avatar\\\/cebe499e679fb7b2b2b8e73e14fb76614ae5bbf8c6ca528d79c96519ac1689b2?s=96&d=mm&r=g\",\"caption\":\"La Voce Di Pianura\"},\"url\":\"https:\\\/\\\/lavocedipianura.it\\\/?author=2\"}]}<\/script>\n<!-- \/ Yoast SEO plugin. -->","yoast_head_json":{"title":"II Edizione dell'evento \"Cugini e Contorni\" - LA VOCE DI PIANURA","robots":{"index":"index","follow":"follow","max-snippet":"max-snippet:-1","max-image-preview":"max-image-preview:large","max-video-preview":"max-video-preview:-1"},"canonical":"https:\/\/lavocedipianura.it\/?p=4381","og_locale":"it_IT","og_type":"article","og_title":"II Edizione dell'evento \"Cugini e Contorni\" - LA VOCE DI PIANURA","og_description":"Anche quest&#8217;anno ha avuto luogo l&#8217;evento &#8220;CUGINI &amp; CONTORNI in festa&#8221; che assurge alla 2\u00b0 edizione, la cosiddetta festa della cuginanza dei cugini Nugnes, Mele e Visconti, promossa da Tommaso e Carla Nugnes. Come ospite alla serata c&#8217;\u00e8 stato Luca Romano, violinista che con il suo violino ha eseguito l&#8217; Ave Maria . Quale Padre [&hellip;]","og_url":"https:\/\/lavocedipianura.it\/?p=4381","og_site_name":"LA VOCE DI PIANURA","article_publisher":"https:\/\/www.facebook.com\/lavoce.dipianuranews","article_published_time":"2025-02-24T11:35:47+00:00","article_modified_time":"2025-02-24T11:48:10+00:00","og_image":[{"width":1600,"height":954,"url":"https:\/\/lavocedipianura.it\/wp-content\/uploads\/2025\/02\/cugini-tutti.jpg","type":"image\/jpeg"}],"author":"La Voce Di Pianura","twitter_card":"summary_large_image","twitter_misc":{"Scritto da":"La Voce Di Pianura","Tempo di lettura stimato":"3 minuti"},"schema":{"@context":"https:\/\/schema.org","@graph":[{"@type":"Article","@id":"https:\/\/lavocedipianura.it\/?p=4381#article","isPartOf":{"@id":"https:\/\/lavocedipianura.it\/?p=4381"},"author":{"name":"La Voce Di Pianura","@id":"https:\/\/lavocedipianura.it\/#\/schema\/person\/2d2d7353b622e7e8469e95bea9855aae"},"headline":"II Edizione dell&#8217;evento &#8220;Cugini e Contorni&#8221;","datePublished":"2025-02-24T11:35:47+00:00","dateModified":"2025-02-24T11:48:10+00:00","mainEntityOfPage":{"@id":"https:\/\/lavocedipianura.it\/?p=4381"},"wordCount":231,"commentCount":0,"publisher":{"@id":"https:\/\/lavocedipianura.it\/#organization"},"image":{"@id":"https:\/\/lavocedipianura.it\/?p=4381#primaryimage"},"thumbnailUrl":"https:\/\/lavocedipianura.it\/wp-content\/uploads\/2025\/02\/cugini-tutti.jpg","articleSection":["ATTUALITA' - PRIMO PIANO","PIANURA"],"inLanguage":"it-IT","potentialAction":[{"@type":"CommentAction","name":"Comment","target":["https:\/\/lavocedipianura.it\/?p=4381#respond"]}]},{"@type":"WebPage","@id":"https:\/\/lavocedipianura.it\/?p=4381","url":"https:\/\/lavocedipianura.it\/?p=4381","name":"II Edizione dell'evento \"Cugini e Contorni\" - LA VOCE DI PIANURA","isPartOf":{"@id":"https:\/\/lavocedipianura.it\/#website"},"primaryImageOfPage":{"@id":"https:\/\/lavocedipianura.it\/?p=4381#primaryimage"},"image":{"@id":"https:\/\/lavocedipianura.it\/?p=4381#primaryimage"},"thumbnailUrl":"https:\/\/lavocedipianura.it\/wp-content\/uploads\/2025\/02\/cugini-tutti.jpg","datePublished":"2025-02-24T11:35:47+00:00","dateModified":"2025-02-24T11:48:10+00:00","breadcrumb":{"@id":"https:\/\/lavocedipianura.it\/?p=4381#breadcrumb"},"inLanguage":"it-IT","potentialAction":[{"@type":"ReadAction","target":["https:\/\/lavocedipianura.it\/?p=4381"]}]},{"@type":"ImageObject","inLanguage":"it-IT","@id":"https:\/\/lavocedipianura.it\/?p=4381#primaryimage","url":"https:\/\/lavocedipianura.it\/wp-content\/uploads\/2025\/02\/cugini-tutti.jpg","contentUrl":"https:\/\/lavocedipianura.it\/wp-content\/uploads\/2025\/02\/cugini-tutti.jpg","width":1600,"height":954},{"@type":"BreadcrumbList","@id":"https:\/\/lavocedipianura.it\/?p=4381#breadcrumb","itemListElement":[{"@type":"ListItem","position":1,"name":"Home","item":"https:\/\/lavocedipianura.it\/"},{"@type":"ListItem","position":2,"name":"II Edizione dell&#8217;evento &#8220;Cugini e Contorni&#8221;"}]},{"@type":"WebSite","@id":"https:\/\/lavocedipianura.it\/#website","url":"https:\/\/lavocedipianura.it\/","name":"LA VOCE DI PIANURA","description":"E NON SOLO ...","publisher":{"@id":"https:\/\/lavocedipianura.it\/#organization"},"potentialAction":[{"@type":"SearchAction","target":{"@type":"EntryPoint","urlTemplate":"https:\/\/lavocedipianura.it\/?s={search_term_string}"},"query-input":{"@type":"PropertyValueSpecification","valueRequired":true,"valueName":"search_term_string"}}],"inLanguage":"it-IT"},{"@type":"Organization","@id":"https:\/\/lavocedipianura.it\/#organization","name":"LA VOCE DI PIANURA","url":"https:\/\/lavocedipianura.it\/","logo":{"@type":"ImageObject","inLanguage":"it-IT","@id":"https:\/\/lavocedipianura.it\/#\/schema\/logo\/image\/","url":"https:\/\/lavocedipianura.it\/wp-content\/uploads\/2023\/09\/cropped-5AEC9D48-F1EC-4405-87BD-B65B00FE3BE3.png","contentUrl":"https:\/\/lavocedipianura.it\/wp-content\/uploads\/2023\/09\/cropped-5AEC9D48-F1EC-4405-87BD-B65B00FE3BE3.png","width":1600,"height":600,"caption":"LA VOCE DI PIANURA"},"image":{"@id":"https:\/\/lavocedipianura.it\/#\/schema\/logo\/image\/"},"sameAs":["https:\/\/www.facebook.com\/lavoce.dipianuranews"]},{"@type":"Person","@id":"https:\/\/lavocedipianura.it\/#\/schema\/person\/2d2d7353b622e7e8469e95bea9855aae","name":"La Voce Di Pianura","image":{"@type":"ImageObject","inLanguage":"it-IT","@id":"https:\/\/secure.gravatar.com\/avatar\/cebe499e679fb7b2b2b8e73e14fb76614ae5bbf8c6ca528d79c96519ac1689b2?s=96&d=mm&r=g","url":"https:\/\/secure.gravatar.com\/avatar\/cebe499e679fb7b2b2b8e73e14fb76614ae5bbf8c6ca528d79c96519ac1689b2?s=96&d=mm&r=g","contentUrl":"https:\/\/secure.gravatar.com\/avatar\/cebe499e679fb7b2b2b8e73e14fb76614ae5bbf8c6ca528d79c96519ac1689b2?s=96&d=mm&r=g","caption":"La Voce Di Pianura"},"url":"https:\/\/lavocedipianura.it\/?author=2"}]}},"_links":{"self":[{"href":"https:\/\/lavocedipianura.it\/index.php?rest_route=\/wp\/v2\/posts\/4381","targetHints":{"allow":["GET"]}}],"collection":[{"href":"https:\/\/lavocedipianura.it\/index.php?rest_route=\/wp\/v2\/posts"}],"about":[{"href":"https:\/\/lavocedipianura.it\/index.php?rest_route=\/wp\/v2\/types\/post"}],"author":[{"embeddable":true,"href":"https:\/\/lavocedipianura.it\/index.php?rest_route=\/wp\/v2\/users\/2"}],"replies":[{"embeddable":true,"href":"https:\/\/lavocedipianura.it\/index.php?rest_route=%2Fwp%2Fv2%2Fcomments&post=4381"}],"version-history":[{"count":4,"href":"https:\/\/lavocedipianura.it\/index.php?rest_route=\/wp\/v2\/posts\/4381\/revisions"}],"predecessor-version":[{"id":4393,"href":"https:\/\/lavocedipianura.it\/index.php?rest_route=\/wp\/v2\/posts\/4381\/revisions\/4393"}],"wp:featuredmedia":[{"embeddable":true,"href":"https:\/\/lavocedipianura.it\/index.php?rest_route=\/wp\/v2\/media\/4389"}],"wp:attachment":[{"href":"https:\/\/lavocedipianura.it\/index.php?rest_route=%2Fwp%2Fv2%2Fmedia&parent=4381"}],"wp:term":[{"taxonomy":"category","embeddable":true,"href":"https:\/\/lavocedipianura.it\/index.php?rest_route=%2Fwp%2Fv2%2Fcategories&post=4381"},{"taxonomy":"post_tag","embeddable":true,"href":"https:\/\/lavocedipianura.it\/index.php?rest_route=%2Fwp%2Fv2%2Ftags&post=4381"}],"curies":[{"name":"wp","href":"https:\/\/api.w.org\/{rel}","templated":true}]}}