{"id":3576,"date":"2024-09-11T05:56:46","date_gmt":"2024-09-11T05:56:46","guid":{"rendered":"https:\/\/lavocedipianura.it\/?p=3576"},"modified":"2024-09-11T06:02:48","modified_gmt":"2024-09-11T06:02:48","slug":"dalle-spiagge-ai-banchi-di-scuola-napoli-riparte-dopo-la-chiusura-estiva","status":"publish","type":"post","link":"https:\/\/lavocedipianura.it\/?p=3576","title":{"rendered":"Dalle spiagge ai banchi di scuola: Napoli riparte dopo la chiusura estiva"},"content":{"rendered":"\n<p>Ormai anche le ultime settimane di ferie si sono concluse e pian piano la citt\u00e0 riparte a pieno ritmo. Gli uffici hanno riaperto, le attivit\u00e0 commerciali hanno ripreso, e gli studenti si apprestano ad ultimare i compiti delle vacanze, debitamente lasciati in disparte per tutti questi mesi. Le strade si ripopolano, e la calura estiva inizia la sua dipartita. Tutto \u00e8 in fermento per la riapertura delle scuole, la cui data ufficiale per la regione Campania per il nuovo anno scolastico 2024\/2025, \u00e8 fissata per gioved\u00ec 12 settembre. Sono previste piccole modifiche sul rientro da parte degli istituti che, a discrezione dei singoli, possono prevedere fino a tre giorni di anticipo sull\u2019inizio delle lezioni, per poter poi recuperare qualche giornata nei prossimi mesi, o un posticipo,\u00a0al fine di dilazionare il flusso di studenti al loro rientro. Come sempre, \u00e8 gi\u00e0 nota anche la prossima chiusura estiva, fissata per il 7 giugno 2025, ad eccezione delle scuole di infanzia che termineranno le attivit\u00e0 il 30 giugno 2025. Anche il calendario delle festivit\u00e0 \u00e8 gi\u00e0 noto e facilmente accessibile dalla pagina web del Comune di Napoli. I giorni di lezioni previsti sono 202 in quanto, oltre ai giorni di festa nazionale, rossi da calendario, \u00e8 prevista la sospensione dalla attivit\u00e0 per il giorno 20 settembre, \u00a0in ricorrenza dei festeggiamenti del Santo Patrono della citt\u00e0 di Napoli. L\u2019entusiasmo che si respira per l\u2019inizio di un nuovo anno accademico, per\u00f2, come \u00e8 ben noto, \u00e8 destinato ad avere vita breve. A distanza di giorni, la curiosit\u00e0 del nuovo inizio svanir\u00e0, gli amici ritrovati torneranno a far parte della quotidianit\u00e0, e nel frattempo la nostra Napoli diverr\u00e0 di nuovo impraticabile dal flusso ingestibile di auto che si riversano per le strade negli orari pi\u00f9 scomodi, ostacolando la circolazione e rendendo impossibile anche i pi\u00f9 piccoli spostamenti. E questo \u00e8 solo uno dei vari disagi che coincidono con l\u2019autunno e con la ripresa delle attivit\u00e0, come maltempo, allerte meteo, scioperi. Ma per ora, godiamoci l\u2019odore di libri nuovi, la ripresa dei programmi televisivi, e i colori di settembre. Non resta, dunque, che augurare un buon inizio anno ed un felice ritorno ai banchi di scuola.<\/p>\n\n\n\n<p class=\"has-text-align-right\"><strong>Valeria Mazzaro<\/strong><\/p>\n\n\n\n<p><\/p>\n","protected":false},"excerpt":{"rendered":"<p>Ormai anche le ultime settimane di ferie si sono concluse e pian piano la citt\u00e0 riparte a pieno ritmo. Gli uffici hanno riaperto, le attivit\u00e0 commerciali hanno ripreso, e gli studenti si apprestano ad ultimare i compiti delle vacanze, debitamente lasciati in disparte per tutti questi mesi. Le strade si ripopolano, e la calura estiva [&hellip;]<\/p>\n","protected":false},"author":2,"featured_media":3577,"comment_status":"open","ping_status":"closed","sticky":true,"template":"","format":"standard","meta":{"footnotes":""},"categories":[1,12],"tags":[],"class_list":["post-3576","post","type-post","status-publish","format-standard","has-post-thumbnail","hentry","category-attualita","category-napoli"],"yoast_head":"<!-- This site is optimized with the Yoast SEO plugin v27.5 - https:\/\/yoast.com\/product\/yoast-seo-wordpress\/ -->\n<title>Dalle spiagge ai banchi di scuola: Napoli riparte dopo la chiusura estiva - LA VOCE DI PIANURA<\/title>\n<meta name=\"robots\" content=\"index, follow, max-snippet:-1, max-image-preview:large, max-video-preview:-1\" \/>\n<link rel=\"canonical\" href=\"https:\/\/lavocedipianura.it\/?p=3576\" \/>\n<meta property=\"og:locale\" content=\"it_IT\" \/>\n<meta property=\"og:type\" content=\"article\" \/>\n<meta property=\"og:title\" content=\"Dalle spiagge ai banchi di scuola: Napoli riparte dopo la chiusura estiva - LA VOCE DI PIANURA\" \/>\n<meta property=\"og:description\" content=\"Ormai anche le ultime settimane di ferie si sono concluse e pian piano la citt\u00e0 riparte a pieno ritmo. Gli uffici hanno riaperto, le attivit\u00e0 commerciali hanno ripreso, e gli studenti si apprestano ad ultimare i compiti delle vacanze, debitamente lasciati in disparte per tutti questi mesi. Le strade si ripopolano, e la calura estiva [&hellip;]\" \/>\n<meta property=\"og:url\" content=\"https:\/\/lavocedipianura.it\/?p=3576\" \/>\n<meta property=\"og:site_name\" content=\"LA VOCE DI PIANURA\" \/>\n<meta property=\"article:publisher\" content=\"https:\/\/www.facebook.com\/lavoce.dipianuranews\" \/>\n<meta property=\"article:published_time\" content=\"2024-09-11T05:56:46+00:00\" \/>\n<meta property=\"article:modified_time\" content=\"2024-09-11T06:02:48+00:00\" \/>\n<meta property=\"og:image\" content=\"https:\/\/lavocedipianura.it\/wp-content\/uploads\/2024\/09\/aula-scuola.jpg\" \/>\n\t<meta property=\"og:image:width\" content=\"1217\" \/>\n\t<meta property=\"og:image:height\" content=\"694\" \/>\n\t<meta property=\"og:image:type\" content=\"image\/jpeg\" \/>\n<meta name=\"author\" content=\"La Voce Di Pianura\" \/>\n<meta name=\"twitter:card\" content=\"summary_large_image\" \/>\n<meta name=\"twitter:label1\" content=\"Scritto da\" \/>\n\t<meta name=\"twitter:data1\" content=\"La Voce Di Pianura\" \/>\n\t<meta name=\"twitter:label2\" content=\"Tempo di lettura stimato\" \/>\n\t<meta name=\"twitter:data2\" content=\"3 minuti\" \/>\n<script type=\"application\/ld+json\" class=\"yoast-schema-graph\">{\"@context\":\"https:\\\/\\\/schema.org\",\"@graph\":[{\"@type\":\"Article\",\"@id\":\"https:\\\/\\\/lavocedipianura.it\\\/?p=3576#article\",\"isPartOf\":{\"@id\":\"https:\\\/\\\/lavocedipianura.it\\\/?p=3576\"},\"author\":{\"name\":\"La Voce Di Pianura\",\"@id\":\"https:\\\/\\\/lavocedipianura.it\\\/#\\\/schema\\\/person\\\/2d2d7353b622e7e8469e95bea9855aae\"},\"headline\":\"Dalle spiagge ai banchi di scuola: Napoli riparte dopo la chiusura estiva\",\"datePublished\":\"2024-09-11T05:56:46+00:00\",\"dateModified\":\"2024-09-11T06:02:48+00:00\",\"mainEntityOfPage\":{\"@id\":\"https:\\\/\\\/lavocedipianura.it\\\/?p=3576\"},\"wordCount\":363,\"commentCount\":1,\"publisher\":{\"@id\":\"https:\\\/\\\/lavocedipianura.it\\\/#organization\"},\"image\":{\"@id\":\"https:\\\/\\\/lavocedipianura.it\\\/?p=3576#primaryimage\"},\"thumbnailUrl\":\"https:\\\/\\\/lavocedipianura.it\\\/wp-content\\\/uploads\\\/2024\\\/09\\\/aula-scuola.jpg\",\"articleSection\":[\"ATTUALITA' - PRIMO PIANO\",\"NAPOLI\"],\"inLanguage\":\"it-IT\",\"potentialAction\":[{\"@type\":\"CommentAction\",\"name\":\"Comment\",\"target\":[\"https:\\\/\\\/lavocedipianura.it\\\/?p=3576#respond\"]}]},{\"@type\":\"WebPage\",\"@id\":\"https:\\\/\\\/lavocedipianura.it\\\/?p=3576\",\"url\":\"https:\\\/\\\/lavocedipianura.it\\\/?p=3576\",\"name\":\"Dalle spiagge ai banchi di scuola: Napoli riparte dopo la chiusura estiva - LA VOCE DI PIANURA\",\"isPartOf\":{\"@id\":\"https:\\\/\\\/lavocedipianura.it\\\/#website\"},\"primaryImageOfPage\":{\"@id\":\"https:\\\/\\\/lavocedipianura.it\\\/?p=3576#primaryimage\"},\"image\":{\"@id\":\"https:\\\/\\\/lavocedipianura.it\\\/?p=3576#primaryimage\"},\"thumbnailUrl\":\"https:\\\/\\\/lavocedipianura.it\\\/wp-content\\\/uploads\\\/2024\\\/09\\\/aula-scuola.jpg\",\"datePublished\":\"2024-09-11T05:56:46+00:00\",\"dateModified\":\"2024-09-11T06:02:48+00:00\",\"breadcrumb\":{\"@id\":\"https:\\\/\\\/lavocedipianura.it\\\/?p=3576#breadcrumb\"},\"inLanguage\":\"it-IT\",\"potentialAction\":[{\"@type\":\"ReadAction\",\"target\":[\"https:\\\/\\\/lavocedipianura.it\\\/?p=3576\"]}]},{\"@type\":\"ImageObject\",\"inLanguage\":\"it-IT\",\"@id\":\"https:\\\/\\\/lavocedipianura.it\\\/?p=3576#primaryimage\",\"url\":\"https:\\\/\\\/lavocedipianura.it\\\/wp-content\\\/uploads\\\/2024\\\/09\\\/aula-scuola.jpg\",\"contentUrl\":\"https:\\\/\\\/lavocedipianura.it\\\/wp-content\\\/uploads\\\/2024\\\/09\\\/aula-scuola.jpg\",\"width\":1217,\"height\":694},{\"@type\":\"BreadcrumbList\",\"@id\":\"https:\\\/\\\/lavocedipianura.it\\\/?p=3576#breadcrumb\",\"itemListElement\":[{\"@type\":\"ListItem\",\"position\":1,\"name\":\"Home\",\"item\":\"https:\\\/\\\/lavocedipianura.it\\\/\"},{\"@type\":\"ListItem\",\"position\":2,\"name\":\"Dalle spiagge ai banchi di scuola: Napoli riparte dopo la chiusura estiva\"}]},{\"@type\":\"WebSite\",\"@id\":\"https:\\\/\\\/lavocedipianura.it\\\/#website\",\"url\":\"https:\\\/\\\/lavocedipianura.it\\\/\",\"name\":\"LA VOCE DI PIANURA\",\"description\":\"E NON SOLO ...\",\"publisher\":{\"@id\":\"https:\\\/\\\/lavocedipianura.it\\\/#organization\"},\"potentialAction\":[{\"@type\":\"SearchAction\",\"target\":{\"@type\":\"EntryPoint\",\"urlTemplate\":\"https:\\\/\\\/lavocedipianura.it\\\/?s={search_term_string}\"},\"query-input\":{\"@type\":\"PropertyValueSpecification\",\"valueRequired\":true,\"valueName\":\"search_term_string\"}}],\"inLanguage\":\"it-IT\"},{\"@type\":\"Organization\",\"@id\":\"https:\\\/\\\/lavocedipianura.it\\\/#organization\",\"name\":\"LA VOCE DI PIANURA\",\"url\":\"https:\\\/\\\/lavocedipianura.it\\\/\",\"logo\":{\"@type\":\"ImageObject\",\"inLanguage\":\"it-IT\",\"@id\":\"https:\\\/\\\/lavocedipianura.it\\\/#\\\/schema\\\/logo\\\/image\\\/\",\"url\":\"https:\\\/\\\/lavocedipianura.it\\\/wp-content\\\/uploads\\\/2023\\\/09\\\/cropped-5AEC9D48-F1EC-4405-87BD-B65B00FE3BE3.png\",\"contentUrl\":\"https:\\\/\\\/lavocedipianura.it\\\/wp-content\\\/uploads\\\/2023\\\/09\\\/cropped-5AEC9D48-F1EC-4405-87BD-B65B00FE3BE3.png\",\"width\":1600,\"height\":600,\"caption\":\"LA VOCE DI PIANURA\"},\"image\":{\"@id\":\"https:\\\/\\\/lavocedipianura.it\\\/#\\\/schema\\\/logo\\\/image\\\/\"},\"sameAs\":[\"https:\\\/\\\/www.facebook.com\\\/lavoce.dipianuranews\"]},{\"@type\":\"Person\",\"@id\":\"https:\\\/\\\/lavocedipianura.it\\\/#\\\/schema\\\/person\\\/2d2d7353b622e7e8469e95bea9855aae\",\"name\":\"La Voce Di Pianura\",\"image\":{\"@type\":\"ImageObject\",\"inLanguage\":\"it-IT\",\"@id\":\"https:\\\/\\\/secure.gravatar.com\\\/avatar\\\/cebe499e679fb7b2b2b8e73e14fb76614ae5bbf8c6ca528d79c96519ac1689b2?s=96&d=mm&r=g\",\"url\":\"https:\\\/\\\/secure.gravatar.com\\\/avatar\\\/cebe499e679fb7b2b2b8e73e14fb76614ae5bbf8c6ca528d79c96519ac1689b2?s=96&d=mm&r=g\",\"contentUrl\":\"https:\\\/\\\/secure.gravatar.com\\\/avatar\\\/cebe499e679fb7b2b2b8e73e14fb76614ae5bbf8c6ca528d79c96519ac1689b2?s=96&d=mm&r=g\",\"caption\":\"La Voce Di Pianura\"},\"url\":\"https:\\\/\\\/lavocedipianura.it\\\/?author=2\"}]}<\/script>\n<!-- \/ Yoast SEO plugin. -->","yoast_head_json":{"title":"Dalle spiagge ai banchi di scuola: Napoli riparte dopo la chiusura estiva - LA VOCE DI PIANURA","robots":{"index":"index","follow":"follow","max-snippet":"max-snippet:-1","max-image-preview":"max-image-preview:large","max-video-preview":"max-video-preview:-1"},"canonical":"https:\/\/lavocedipianura.it\/?p=3576","og_locale":"it_IT","og_type":"article","og_title":"Dalle spiagge ai banchi di scuola: Napoli riparte dopo la chiusura estiva - LA VOCE DI PIANURA","og_description":"Ormai anche le ultime settimane di ferie si sono concluse e pian piano la citt\u00e0 riparte a pieno ritmo. Gli uffici hanno riaperto, le attivit\u00e0 commerciali hanno ripreso, e gli studenti si apprestano ad ultimare i compiti delle vacanze, debitamente lasciati in disparte per tutti questi mesi. Le strade si ripopolano, e la calura estiva [&hellip;]","og_url":"https:\/\/lavocedipianura.it\/?p=3576","og_site_name":"LA VOCE DI PIANURA","article_publisher":"https:\/\/www.facebook.com\/lavoce.dipianuranews","article_published_time":"2024-09-11T05:56:46+00:00","article_modified_time":"2024-09-11T06:02:48+00:00","og_image":[{"width":1217,"height":694,"url":"https:\/\/lavocedipianura.it\/wp-content\/uploads\/2024\/09\/aula-scuola.jpg","type":"image\/jpeg"}],"author":"La Voce Di Pianura","twitter_card":"summary_large_image","twitter_misc":{"Scritto da":"La Voce Di Pianura","Tempo di lettura stimato":"3 minuti"},"schema":{"@context":"https:\/\/schema.org","@graph":[{"@type":"Article","@id":"https:\/\/lavocedipianura.it\/?p=3576#article","isPartOf":{"@id":"https:\/\/lavocedipianura.it\/?p=3576"},"author":{"name":"La Voce Di Pianura","@id":"https:\/\/lavocedipianura.it\/#\/schema\/person\/2d2d7353b622e7e8469e95bea9855aae"},"headline":"Dalle spiagge ai banchi di scuola: Napoli riparte dopo la chiusura estiva","datePublished":"2024-09-11T05:56:46+00:00","dateModified":"2024-09-11T06:02:48+00:00","mainEntityOfPage":{"@id":"https:\/\/lavocedipianura.it\/?p=3576"},"wordCount":363,"commentCount":1,"publisher":{"@id":"https:\/\/lavocedipianura.it\/#organization"},"image":{"@id":"https:\/\/lavocedipianura.it\/?p=3576#primaryimage"},"thumbnailUrl":"https:\/\/lavocedipianura.it\/wp-content\/uploads\/2024\/09\/aula-scuola.jpg","articleSection":["ATTUALITA' - PRIMO PIANO","NAPOLI"],"inLanguage":"it-IT","potentialAction":[{"@type":"CommentAction","name":"Comment","target":["https:\/\/lavocedipianura.it\/?p=3576#respond"]}]},{"@type":"WebPage","@id":"https:\/\/lavocedipianura.it\/?p=3576","url":"https:\/\/lavocedipianura.it\/?p=3576","name":"Dalle spiagge ai banchi di scuola: Napoli riparte dopo la chiusura estiva - LA VOCE DI PIANURA","isPartOf":{"@id":"https:\/\/lavocedipianura.it\/#website"},"primaryImageOfPage":{"@id":"https:\/\/lavocedipianura.it\/?p=3576#primaryimage"},"image":{"@id":"https:\/\/lavocedipianura.it\/?p=3576#primaryimage"},"thumbnailUrl":"https:\/\/lavocedipianura.it\/wp-content\/uploads\/2024\/09\/aula-scuola.jpg","datePublished":"2024-09-11T05:56:46+00:00","dateModified":"2024-09-11T06:02:48+00:00","breadcrumb":{"@id":"https:\/\/lavocedipianura.it\/?p=3576#breadcrumb"},"inLanguage":"it-IT","potentialAction":[{"@type":"ReadAction","target":["https:\/\/lavocedipianura.it\/?p=3576"]}]},{"@type":"ImageObject","inLanguage":"it-IT","@id":"https:\/\/lavocedipianura.it\/?p=3576#primaryimage","url":"https:\/\/lavocedipianura.it\/wp-content\/uploads\/2024\/09\/aula-scuola.jpg","contentUrl":"https:\/\/lavocedipianura.it\/wp-content\/uploads\/2024\/09\/aula-scuola.jpg","width":1217,"height":694},{"@type":"BreadcrumbList","@id":"https:\/\/lavocedipianura.it\/?p=3576#breadcrumb","itemListElement":[{"@type":"ListItem","position":1,"name":"Home","item":"https:\/\/lavocedipianura.it\/"},{"@type":"ListItem","position":2,"name":"Dalle spiagge ai banchi di scuola: Napoli riparte dopo la chiusura estiva"}]},{"@type":"WebSite","@id":"https:\/\/lavocedipianura.it\/#website","url":"https:\/\/lavocedipianura.it\/","name":"LA VOCE DI PIANURA","description":"E NON SOLO ...","publisher":{"@id":"https:\/\/lavocedipianura.it\/#organization"},"potentialAction":[{"@type":"SearchAction","target":{"@type":"EntryPoint","urlTemplate":"https:\/\/lavocedipianura.it\/?s={search_term_string}"},"query-input":{"@type":"PropertyValueSpecification","valueRequired":true,"valueName":"search_term_string"}}],"inLanguage":"it-IT"},{"@type":"Organization","@id":"https:\/\/lavocedipianura.it\/#organization","name":"LA VOCE DI PIANURA","url":"https:\/\/lavocedipianura.it\/","logo":{"@type":"ImageObject","inLanguage":"it-IT","@id":"https:\/\/lavocedipianura.it\/#\/schema\/logo\/image\/","url":"https:\/\/lavocedipianura.it\/wp-content\/uploads\/2023\/09\/cropped-5AEC9D48-F1EC-4405-87BD-B65B00FE3BE3.png","contentUrl":"https:\/\/lavocedipianura.it\/wp-content\/uploads\/2023\/09\/cropped-5AEC9D48-F1EC-4405-87BD-B65B00FE3BE3.png","width":1600,"height":600,"caption":"LA VOCE DI PIANURA"},"image":{"@id":"https:\/\/lavocedipianura.it\/#\/schema\/logo\/image\/"},"sameAs":["https:\/\/www.facebook.com\/lavoce.dipianuranews"]},{"@type":"Person","@id":"https:\/\/lavocedipianura.it\/#\/schema\/person\/2d2d7353b622e7e8469e95bea9855aae","name":"La Voce Di Pianura","image":{"@type":"ImageObject","inLanguage":"it-IT","@id":"https:\/\/secure.gravatar.com\/avatar\/cebe499e679fb7b2b2b8e73e14fb76614ae5bbf8c6ca528d79c96519ac1689b2?s=96&d=mm&r=g","url":"https:\/\/secure.gravatar.com\/avatar\/cebe499e679fb7b2b2b8e73e14fb76614ae5bbf8c6ca528d79c96519ac1689b2?s=96&d=mm&r=g","contentUrl":"https:\/\/secure.gravatar.com\/avatar\/cebe499e679fb7b2b2b8e73e14fb76614ae5bbf8c6ca528d79c96519ac1689b2?s=96&d=mm&r=g","caption":"La Voce Di Pianura"},"url":"https:\/\/lavocedipianura.it\/?author=2"}]}},"_links":{"self":[{"href":"https:\/\/lavocedipianura.it\/index.php?rest_route=\/wp\/v2\/posts\/3576","targetHints":{"allow":["GET"]}}],"collection":[{"href":"https:\/\/lavocedipianura.it\/index.php?rest_route=\/wp\/v2\/posts"}],"about":[{"href":"https:\/\/lavocedipianura.it\/index.php?rest_route=\/wp\/v2\/types\/post"}],"author":[{"embeddable":true,"href":"https:\/\/lavocedipianura.it\/index.php?rest_route=\/wp\/v2\/users\/2"}],"replies":[{"embeddable":true,"href":"https:\/\/lavocedipianura.it\/index.php?rest_route=%2Fwp%2Fv2%2Fcomments&post=3576"}],"version-history":[{"count":1,"href":"https:\/\/lavocedipianura.it\/index.php?rest_route=\/wp\/v2\/posts\/3576\/revisions"}],"predecessor-version":[{"id":3578,"href":"https:\/\/lavocedipianura.it\/index.php?rest_route=\/wp\/v2\/posts\/3576\/revisions\/3578"}],"wp:featuredmedia":[{"embeddable":true,"href":"https:\/\/lavocedipianura.it\/index.php?rest_route=\/wp\/v2\/media\/3577"}],"wp:attachment":[{"href":"https:\/\/lavocedipianura.it\/index.php?rest_route=%2Fwp%2Fv2%2Fmedia&parent=3576"}],"wp:term":[{"taxonomy":"category","embeddable":true,"href":"https:\/\/lavocedipianura.it\/index.php?rest_route=%2Fwp%2Fv2%2Fcategories&post=3576"},{"taxonomy":"post_tag","embeddable":true,"href":"https:\/\/lavocedipianura.it\/index.php?rest_route=%2Fwp%2Fv2%2Ftags&post=3576"}],"curies":[{"name":"wp","href":"https:\/\/api.w.org\/{rel}","templated":true}]}}