{"id":3466,"date":"2024-07-15T14:27:45","date_gmt":"2024-07-15T14:27:45","guid":{"rendered":"https:\/\/lavocedipianura.it\/?p=3466"},"modified":"2024-07-16T09:47:34","modified_gmt":"2024-07-16T09:47:34","slug":"bagnoli-siglato-il-protocollo-dintesa-tra-la-premier-meloni-e-il-sindaco-di-napoli-manfredi","status":"publish","type":"post","link":"https:\/\/lavocedipianura.it\/?p=3466","title":{"rendered":"Bagnoli: siglato il protocollo d&#8217;intesa tra la premier Meloni e il sindaco di Napoli, Manfredi"},"content":{"rendered":"\n<p><strong><em>( nella foto: la premier Meloni e il Sindaco di Napoli, Manfredi) <\/em><\/strong><\/p>\n\n\n\n<p class=\"has-medium-font-size\">Importante cerimonia stamani presso l&#8217;auditorium della  Porta del Parco in Via Diocleziano a Bagnoli per la  firma del protocollo di intesa tra la premier <strong>Giorgia Meloni<\/strong>  e il commissario straordinario per Bagnoli-Coroglio, il sindaco di Napoli,&nbsp;<strong>Gaetano Manfredi<\/strong>. Il patto ha previsto risorse economiche per 1,2   miliardi di Euro per la bonifica veloce  e lo sviluppo di Bagnoli &#8211; Coroglio e dell&#8217;area occidentale della citt\u00e0. L&#8217;obiettivo &#8211; ha affermato, tra l&#8217;altro,   la  presidente del  Consiglio \u00e8 quella di &#8220;<em>trasformare  un&#8217;area inquinata e abbandonata, che \u00e8 stata un simbolo di incapacit\u00e0 delle istituzioni,  in un moderno polo turistico balneare e commerciale che sia all&#8217;altezza di quella straordinaria citt\u00e0 che \u00e8&nbsp;<strong>Napoli<\/strong><\/em>&#8220;. <\/p>\n\n\n\n<p class=\"has-medium-font-size\"> &#8220;<em>Ci auguriamo che questa sia la volta buona, sono convinto che finalmente riusciremo in tempi molto rapidi a completare il recupero di quest&#8217;area che \u00e8 fondamentale per la citt\u00e0, avviando anche gli investimenti privati&#8221;<\/em> &#8211; sono state le parole del sindaco Manfredi. <\/p>\n\n\n\n<p class=\"has-medium-font-size\">In un suo post sui social, il presidente del Gruppo consiliare di Fratelli d&#8217;Italia in Consiglio comunale, <strong>Giorgio Longobardi<\/strong>, presente all&#8217;evento,   ha affermato  che ci sono  &#8220;<em>1.218.000.000 di motivi per essere sempre pi\u00f9 orgoglioso del Governo Meloni. Firmato questa mattina il protocollo di intesa per la bonifica celere dell\u2019area. Tutto ci\u00f2<\/em>, a<em> dispetto della narrazione, tutta di sinistra, che tende a demonizzare continuamente il Governo nonostante i fatti concreti per la nostra citt\u00e0 che, soprattutto Bagnoli, attendeva dal 1992 nella totale incuria e abbandono della sinistra. Grazie infinite al ministro Fitto e soprattutto al Presidente del Consiglio Giorgia Meloni.<\/em><\/p>\n\n\n\n<p class=\"has-text-align-right has-medium-font-size\"><strong>Redazione<\/strong><\/p>\n\n\n\n<figure class=\"wp-block-image size-large\"><img loading=\"lazy\" decoding=\"async\" width=\"768\" height=\"1024\" src=\"https:\/\/lavocedipianura.it\/wp-content\/uploads\/2024\/07\/mel2-1-768x1024.jpg\" alt=\"\" class=\"wp-image-3482\" srcset=\"https:\/\/lavocedipianura.it\/wp-content\/uploads\/2024\/07\/mel2-1-768x1024.jpg 768w, https:\/\/lavocedipianura.it\/wp-content\/uploads\/2024\/07\/mel2-1-225x300.jpg 225w, https:\/\/lavocedipianura.it\/wp-content\/uploads\/2024\/07\/mel2-1.jpg 1080w\" sizes=\"auto, (max-width: 768px) 100vw, 768px\" \/><\/figure>\n\n\n\n<p class=\"has-medium-font-size\"><\/p>\n\n\n\n<h2 class=\"wp-block-heading has-small-font-size\"><\/h2>\n\n\n\n<figure class=\"wp-block-image size-large\"><img loading=\"lazy\" decoding=\"async\" width=\"768\" height=\"1024\" src=\"https:\/\/lavocedipianura.it\/wp-content\/uploads\/2024\/07\/repertorio-768x1024.jpg\" alt=\"\" class=\"wp-image-3469\" srcset=\"https:\/\/lavocedipianura.it\/wp-content\/uploads\/2024\/07\/repertorio-768x1024.jpg 768w, https:\/\/lavocedipianura.it\/wp-content\/uploads\/2024\/07\/repertorio-225x300.jpg 225w, https:\/\/lavocedipianura.it\/wp-content\/uploads\/2024\/07\/repertorio-1152x1536.jpg 1152w, https:\/\/lavocedipianura.it\/wp-content\/uploads\/2024\/07\/repertorio.jpg 1536w\" sizes=\"auto, (max-width: 768px) 100vw, 768px\" \/><\/figure>\n\n\n\n<p>(<em> nella foto di repertorio, il presidente del Gruppo consiliare di Fratelli d&#8217;Italia in  Consiglio comunale, Giorgio Longobard<\/em>i) <\/p>\n","protected":false},"excerpt":{"rendered":"<p>( nella foto: la premier Meloni e il Sindaco di Napoli, Manfredi) Importante cerimonia stamani presso l&#8217;auditorium della Porta del Parco in Via Diocleziano a Bagnoli per la firma del protocollo di intesa tra la premier Giorgia Meloni e il commissario straordinario per Bagnoli-Coroglio, il sindaco di Napoli,&nbsp;Gaetano Manfredi. Il patto ha previsto risorse economiche [&hellip;]<\/p>\n","protected":false},"author":2,"featured_media":3467,"comment_status":"open","ping_status":"closed","sticky":true,"template":"","format":"standard","meta":{"footnotes":""},"categories":[1,25,13],"tags":[],"class_list":["post-3466","post","type-post","status-publish","format-standard","has-post-thumbnail","hentry","category-attualita","category-bagnoli","category-campiflegrei"],"yoast_head":"<!-- This site is optimized with the Yoast SEO plugin v27.5 - https:\/\/yoast.com\/product\/yoast-seo-wordpress\/ -->\n<title>Bagnoli: siglato il protocollo d&#039;intesa tra la premier Meloni e il sindaco di Napoli, Manfredi - LA VOCE DI PIANURA<\/title>\n<meta name=\"robots\" content=\"index, follow, max-snippet:-1, max-image-preview:large, max-video-preview:-1\" \/>\n<link rel=\"canonical\" href=\"https:\/\/lavocedipianura.it\/?p=3466\" \/>\n<meta property=\"og:locale\" content=\"it_IT\" \/>\n<meta property=\"og:type\" content=\"article\" \/>\n<meta property=\"og:title\" content=\"Bagnoli: siglato il protocollo d&#039;intesa tra la premier Meloni e il sindaco di Napoli, Manfredi - LA VOCE DI PIANURA\" \/>\n<meta property=\"og:description\" content=\"( nella foto: la premier Meloni e il Sindaco di Napoli, Manfredi) Importante cerimonia stamani presso l&#8217;auditorium della Porta del Parco in Via Diocleziano a Bagnoli per la firma del protocollo di intesa tra la premier Giorgia Meloni e il commissario straordinario per Bagnoli-Coroglio, il sindaco di Napoli,&nbsp;Gaetano Manfredi. Il patto ha previsto risorse economiche [&hellip;]\" \/>\n<meta property=\"og:url\" content=\"https:\/\/lavocedipianura.it\/?p=3466\" \/>\n<meta property=\"og:site_name\" content=\"LA VOCE DI PIANURA\" \/>\n<meta property=\"article:publisher\" content=\"https:\/\/www.facebook.com\/lavoce.dipianuranews\" \/>\n<meta property=\"article:published_time\" content=\"2024-07-15T14:27:45+00:00\" \/>\n<meta property=\"article:modified_time\" content=\"2024-07-16T09:47:34+00:00\" \/>\n<meta property=\"og:image\" content=\"https:\/\/lavocedipianura.it\/wp-content\/uploads\/2024\/07\/mel1.jpg\" \/>\n\t<meta property=\"og:image:width\" content=\"720\" \/>\n\t<meta property=\"og:image:height\" content=\"960\" \/>\n\t<meta property=\"og:image:type\" content=\"image\/jpeg\" \/>\n<meta name=\"author\" content=\"La Voce Di Pianura\" \/>\n<meta name=\"twitter:card\" content=\"summary_large_image\" \/>\n<meta name=\"twitter:label1\" content=\"Scritto da\" \/>\n\t<meta name=\"twitter:data1\" content=\"La Voce Di Pianura\" \/>\n\t<meta name=\"twitter:label2\" content=\"Tempo di lettura stimato\" \/>\n\t<meta name=\"twitter:data2\" content=\"3 minuti\" \/>\n<script type=\"application\/ld+json\" class=\"yoast-schema-graph\">{\"@context\":\"https:\\\/\\\/schema.org\",\"@graph\":[{\"@type\":\"Article\",\"@id\":\"https:\\\/\\\/lavocedipianura.it\\\/?p=3466#article\",\"isPartOf\":{\"@id\":\"https:\\\/\\\/lavocedipianura.it\\\/?p=3466\"},\"author\":{\"name\":\"La Voce Di Pianura\",\"@id\":\"https:\\\/\\\/lavocedipianura.it\\\/#\\\/schema\\\/person\\\/2d2d7353b622e7e8469e95bea9855aae\"},\"headline\":\"Bagnoli: siglato il protocollo d&#8217;intesa tra la premier Meloni e il sindaco di Napoli, Manfredi\",\"datePublished\":\"2024-07-15T14:27:45+00:00\",\"dateModified\":\"2024-07-16T09:47:34+00:00\",\"mainEntityOfPage\":{\"@id\":\"https:\\\/\\\/lavocedipianura.it\\\/?p=3466\"},\"wordCount\":302,\"commentCount\":0,\"publisher\":{\"@id\":\"https:\\\/\\\/lavocedipianura.it\\\/#organization\"},\"image\":{\"@id\":\"https:\\\/\\\/lavocedipianura.it\\\/?p=3466#primaryimage\"},\"thumbnailUrl\":\"https:\\\/\\\/lavocedipianura.it\\\/wp-content\\\/uploads\\\/2024\\\/07\\\/mel1.jpg\",\"articleSection\":[\"ATTUALITA' - PRIMO PIANO\",\"BAGNOLI\",\"CAMPI FLEGREI\"],\"inLanguage\":\"it-IT\",\"potentialAction\":[{\"@type\":\"CommentAction\",\"name\":\"Comment\",\"target\":[\"https:\\\/\\\/lavocedipianura.it\\\/?p=3466#respond\"]}]},{\"@type\":\"WebPage\",\"@id\":\"https:\\\/\\\/lavocedipianura.it\\\/?p=3466\",\"url\":\"https:\\\/\\\/lavocedipianura.it\\\/?p=3466\",\"name\":\"Bagnoli: siglato il protocollo d'intesa tra la premier Meloni e il sindaco di Napoli, Manfredi - LA VOCE DI PIANURA\",\"isPartOf\":{\"@id\":\"https:\\\/\\\/lavocedipianura.it\\\/#website\"},\"primaryImageOfPage\":{\"@id\":\"https:\\\/\\\/lavocedipianura.it\\\/?p=3466#primaryimage\"},\"image\":{\"@id\":\"https:\\\/\\\/lavocedipianura.it\\\/?p=3466#primaryimage\"},\"thumbnailUrl\":\"https:\\\/\\\/lavocedipianura.it\\\/wp-content\\\/uploads\\\/2024\\\/07\\\/mel1.jpg\",\"datePublished\":\"2024-07-15T14:27:45+00:00\",\"dateModified\":\"2024-07-16T09:47:34+00:00\",\"breadcrumb\":{\"@id\":\"https:\\\/\\\/lavocedipianura.it\\\/?p=3466#breadcrumb\"},\"inLanguage\":\"it-IT\",\"potentialAction\":[{\"@type\":\"ReadAction\",\"target\":[\"https:\\\/\\\/lavocedipianura.it\\\/?p=3466\"]}]},{\"@type\":\"ImageObject\",\"inLanguage\":\"it-IT\",\"@id\":\"https:\\\/\\\/lavocedipianura.it\\\/?p=3466#primaryimage\",\"url\":\"https:\\\/\\\/lavocedipianura.it\\\/wp-content\\\/uploads\\\/2024\\\/07\\\/mel1.jpg\",\"contentUrl\":\"https:\\\/\\\/lavocedipianura.it\\\/wp-content\\\/uploads\\\/2024\\\/07\\\/mel1.jpg\",\"width\":720,\"height\":960},{\"@type\":\"BreadcrumbList\",\"@id\":\"https:\\\/\\\/lavocedipianura.it\\\/?p=3466#breadcrumb\",\"itemListElement\":[{\"@type\":\"ListItem\",\"position\":1,\"name\":\"Home\",\"item\":\"https:\\\/\\\/lavocedipianura.it\\\/\"},{\"@type\":\"ListItem\",\"position\":2,\"name\":\"Bagnoli: siglato il protocollo d&#8217;intesa tra la premier Meloni e il sindaco di Napoli, Manfredi\"}]},{\"@type\":\"WebSite\",\"@id\":\"https:\\\/\\\/lavocedipianura.it\\\/#website\",\"url\":\"https:\\\/\\\/lavocedipianura.it\\\/\",\"name\":\"LA VOCE DI PIANURA\",\"description\":\"E NON SOLO ...\",\"publisher\":{\"@id\":\"https:\\\/\\\/lavocedipianura.it\\\/#organization\"},\"potentialAction\":[{\"@type\":\"SearchAction\",\"target\":{\"@type\":\"EntryPoint\",\"urlTemplate\":\"https:\\\/\\\/lavocedipianura.it\\\/?s={search_term_string}\"},\"query-input\":{\"@type\":\"PropertyValueSpecification\",\"valueRequired\":true,\"valueName\":\"search_term_string\"}}],\"inLanguage\":\"it-IT\"},{\"@type\":\"Organization\",\"@id\":\"https:\\\/\\\/lavocedipianura.it\\\/#organization\",\"name\":\"LA VOCE DI PIANURA\",\"url\":\"https:\\\/\\\/lavocedipianura.it\\\/\",\"logo\":{\"@type\":\"ImageObject\",\"inLanguage\":\"it-IT\",\"@id\":\"https:\\\/\\\/lavocedipianura.it\\\/#\\\/schema\\\/logo\\\/image\\\/\",\"url\":\"https:\\\/\\\/lavocedipianura.it\\\/wp-content\\\/uploads\\\/2023\\\/09\\\/cropped-5AEC9D48-F1EC-4405-87BD-B65B00FE3BE3.png\",\"contentUrl\":\"https:\\\/\\\/lavocedipianura.it\\\/wp-content\\\/uploads\\\/2023\\\/09\\\/cropped-5AEC9D48-F1EC-4405-87BD-B65B00FE3BE3.png\",\"width\":1600,\"height\":600,\"caption\":\"LA VOCE DI PIANURA\"},\"image\":{\"@id\":\"https:\\\/\\\/lavocedipianura.it\\\/#\\\/schema\\\/logo\\\/image\\\/\"},\"sameAs\":[\"https:\\\/\\\/www.facebook.com\\\/lavoce.dipianuranews\"]},{\"@type\":\"Person\",\"@id\":\"https:\\\/\\\/lavocedipianura.it\\\/#\\\/schema\\\/person\\\/2d2d7353b622e7e8469e95bea9855aae\",\"name\":\"La Voce Di Pianura\",\"image\":{\"@type\":\"ImageObject\",\"inLanguage\":\"it-IT\",\"@id\":\"https:\\\/\\\/secure.gravatar.com\\\/avatar\\\/cebe499e679fb7b2b2b8e73e14fb76614ae5bbf8c6ca528d79c96519ac1689b2?s=96&d=mm&r=g\",\"url\":\"https:\\\/\\\/secure.gravatar.com\\\/avatar\\\/cebe499e679fb7b2b2b8e73e14fb76614ae5bbf8c6ca528d79c96519ac1689b2?s=96&d=mm&r=g\",\"contentUrl\":\"https:\\\/\\\/secure.gravatar.com\\\/avatar\\\/cebe499e679fb7b2b2b8e73e14fb76614ae5bbf8c6ca528d79c96519ac1689b2?s=96&d=mm&r=g\",\"caption\":\"La Voce Di Pianura\"},\"url\":\"https:\\\/\\\/lavocedipianura.it\\\/?author=2\"}]}<\/script>\n<!-- \/ Yoast SEO plugin. -->","yoast_head_json":{"title":"Bagnoli: siglato il protocollo d'intesa tra la premier Meloni e il sindaco di Napoli, Manfredi - LA VOCE DI PIANURA","robots":{"index":"index","follow":"follow","max-snippet":"max-snippet:-1","max-image-preview":"max-image-preview:large","max-video-preview":"max-video-preview:-1"},"canonical":"https:\/\/lavocedipianura.it\/?p=3466","og_locale":"it_IT","og_type":"article","og_title":"Bagnoli: siglato il protocollo d'intesa tra la premier Meloni e il sindaco di Napoli, Manfredi - LA VOCE DI PIANURA","og_description":"( nella foto: la premier Meloni e il Sindaco di Napoli, Manfredi) Importante cerimonia stamani presso l&#8217;auditorium della Porta del Parco in Via Diocleziano a Bagnoli per la firma del protocollo di intesa tra la premier Giorgia Meloni e il commissario straordinario per Bagnoli-Coroglio, il sindaco di Napoli,&nbsp;Gaetano Manfredi. Il patto ha previsto risorse economiche [&hellip;]","og_url":"https:\/\/lavocedipianura.it\/?p=3466","og_site_name":"LA VOCE DI PIANURA","article_publisher":"https:\/\/www.facebook.com\/lavoce.dipianuranews","article_published_time":"2024-07-15T14:27:45+00:00","article_modified_time":"2024-07-16T09:47:34+00:00","og_image":[{"width":720,"height":960,"url":"https:\/\/lavocedipianura.it\/wp-content\/uploads\/2024\/07\/mel1.jpg","type":"image\/jpeg"}],"author":"La Voce Di Pianura","twitter_card":"summary_large_image","twitter_misc":{"Scritto da":"La Voce Di Pianura","Tempo di lettura stimato":"3 minuti"},"schema":{"@context":"https:\/\/schema.org","@graph":[{"@type":"Article","@id":"https:\/\/lavocedipianura.it\/?p=3466#article","isPartOf":{"@id":"https:\/\/lavocedipianura.it\/?p=3466"},"author":{"name":"La Voce Di Pianura","@id":"https:\/\/lavocedipianura.it\/#\/schema\/person\/2d2d7353b622e7e8469e95bea9855aae"},"headline":"Bagnoli: siglato il protocollo d&#8217;intesa tra la premier Meloni e il sindaco di Napoli, Manfredi","datePublished":"2024-07-15T14:27:45+00:00","dateModified":"2024-07-16T09:47:34+00:00","mainEntityOfPage":{"@id":"https:\/\/lavocedipianura.it\/?p=3466"},"wordCount":302,"commentCount":0,"publisher":{"@id":"https:\/\/lavocedipianura.it\/#organization"},"image":{"@id":"https:\/\/lavocedipianura.it\/?p=3466#primaryimage"},"thumbnailUrl":"https:\/\/lavocedipianura.it\/wp-content\/uploads\/2024\/07\/mel1.jpg","articleSection":["ATTUALITA' - PRIMO PIANO","BAGNOLI","CAMPI FLEGREI"],"inLanguage":"it-IT","potentialAction":[{"@type":"CommentAction","name":"Comment","target":["https:\/\/lavocedipianura.it\/?p=3466#respond"]}]},{"@type":"WebPage","@id":"https:\/\/lavocedipianura.it\/?p=3466","url":"https:\/\/lavocedipianura.it\/?p=3466","name":"Bagnoli: siglato il protocollo d'intesa tra la premier Meloni e il sindaco di Napoli, Manfredi - LA VOCE DI PIANURA","isPartOf":{"@id":"https:\/\/lavocedipianura.it\/#website"},"primaryImageOfPage":{"@id":"https:\/\/lavocedipianura.it\/?p=3466#primaryimage"},"image":{"@id":"https:\/\/lavocedipianura.it\/?p=3466#primaryimage"},"thumbnailUrl":"https:\/\/lavocedipianura.it\/wp-content\/uploads\/2024\/07\/mel1.jpg","datePublished":"2024-07-15T14:27:45+00:00","dateModified":"2024-07-16T09:47:34+00:00","breadcrumb":{"@id":"https:\/\/lavocedipianura.it\/?p=3466#breadcrumb"},"inLanguage":"it-IT","potentialAction":[{"@type":"ReadAction","target":["https:\/\/lavocedipianura.it\/?p=3466"]}]},{"@type":"ImageObject","inLanguage":"it-IT","@id":"https:\/\/lavocedipianura.it\/?p=3466#primaryimage","url":"https:\/\/lavocedipianura.it\/wp-content\/uploads\/2024\/07\/mel1.jpg","contentUrl":"https:\/\/lavocedipianura.it\/wp-content\/uploads\/2024\/07\/mel1.jpg","width":720,"height":960},{"@type":"BreadcrumbList","@id":"https:\/\/lavocedipianura.it\/?p=3466#breadcrumb","itemListElement":[{"@type":"ListItem","position":1,"name":"Home","item":"https:\/\/lavocedipianura.it\/"},{"@type":"ListItem","position":2,"name":"Bagnoli: siglato il protocollo d&#8217;intesa tra la premier Meloni e il sindaco di Napoli, Manfredi"}]},{"@type":"WebSite","@id":"https:\/\/lavocedipianura.it\/#website","url":"https:\/\/lavocedipianura.it\/","name":"LA VOCE DI PIANURA","description":"E NON SOLO ...","publisher":{"@id":"https:\/\/lavocedipianura.it\/#organization"},"potentialAction":[{"@type":"SearchAction","target":{"@type":"EntryPoint","urlTemplate":"https:\/\/lavocedipianura.it\/?s={search_term_string}"},"query-input":{"@type":"PropertyValueSpecification","valueRequired":true,"valueName":"search_term_string"}}],"inLanguage":"it-IT"},{"@type":"Organization","@id":"https:\/\/lavocedipianura.it\/#organization","name":"LA VOCE DI PIANURA","url":"https:\/\/lavocedipianura.it\/","logo":{"@type":"ImageObject","inLanguage":"it-IT","@id":"https:\/\/lavocedipianura.it\/#\/schema\/logo\/image\/","url":"https:\/\/lavocedipianura.it\/wp-content\/uploads\/2023\/09\/cropped-5AEC9D48-F1EC-4405-87BD-B65B00FE3BE3.png","contentUrl":"https:\/\/lavocedipianura.it\/wp-content\/uploads\/2023\/09\/cropped-5AEC9D48-F1EC-4405-87BD-B65B00FE3BE3.png","width":1600,"height":600,"caption":"LA VOCE DI PIANURA"},"image":{"@id":"https:\/\/lavocedipianura.it\/#\/schema\/logo\/image\/"},"sameAs":["https:\/\/www.facebook.com\/lavoce.dipianuranews"]},{"@type":"Person","@id":"https:\/\/lavocedipianura.it\/#\/schema\/person\/2d2d7353b622e7e8469e95bea9855aae","name":"La Voce Di Pianura","image":{"@type":"ImageObject","inLanguage":"it-IT","@id":"https:\/\/secure.gravatar.com\/avatar\/cebe499e679fb7b2b2b8e73e14fb76614ae5bbf8c6ca528d79c96519ac1689b2?s=96&d=mm&r=g","url":"https:\/\/secure.gravatar.com\/avatar\/cebe499e679fb7b2b2b8e73e14fb76614ae5bbf8c6ca528d79c96519ac1689b2?s=96&d=mm&r=g","contentUrl":"https:\/\/secure.gravatar.com\/avatar\/cebe499e679fb7b2b2b8e73e14fb76614ae5bbf8c6ca528d79c96519ac1689b2?s=96&d=mm&r=g","caption":"La Voce Di Pianura"},"url":"https:\/\/lavocedipianura.it\/?author=2"}]}},"_links":{"self":[{"href":"https:\/\/lavocedipianura.it\/index.php?rest_route=\/wp\/v2\/posts\/3466","targetHints":{"allow":["GET"]}}],"collection":[{"href":"https:\/\/lavocedipianura.it\/index.php?rest_route=\/wp\/v2\/posts"}],"about":[{"href":"https:\/\/lavocedipianura.it\/index.php?rest_route=\/wp\/v2\/types\/post"}],"author":[{"embeddable":true,"href":"https:\/\/lavocedipianura.it\/index.php?rest_route=\/wp\/v2\/users\/2"}],"replies":[{"embeddable":true,"href":"https:\/\/lavocedipianura.it\/index.php?rest_route=%2Fwp%2Fv2%2Fcomments&post=3466"}],"version-history":[{"count":9,"href":"https:\/\/lavocedipianura.it\/index.php?rest_route=\/wp\/v2\/posts\/3466\/revisions"}],"predecessor-version":[{"id":3483,"href":"https:\/\/lavocedipianura.it\/index.php?rest_route=\/wp\/v2\/posts\/3466\/revisions\/3483"}],"wp:featuredmedia":[{"embeddable":true,"href":"https:\/\/lavocedipianura.it\/index.php?rest_route=\/wp\/v2\/media\/3467"}],"wp:attachment":[{"href":"https:\/\/lavocedipianura.it\/index.php?rest_route=%2Fwp%2Fv2%2Fmedia&parent=3466"}],"wp:term":[{"taxonomy":"category","embeddable":true,"href":"https:\/\/lavocedipianura.it\/index.php?rest_route=%2Fwp%2Fv2%2Fcategories&post=3466"},{"taxonomy":"post_tag","embeddable":true,"href":"https:\/\/lavocedipianura.it\/index.php?rest_route=%2Fwp%2Fv2%2Ftags&post=3466"}],"curies":[{"name":"wp","href":"https:\/\/api.w.org\/{rel}","templated":true}]}}