{"id":3171,"date":"2024-05-24T08:45:59","date_gmt":"2024-05-24T08:45:59","guid":{"rendered":"https:\/\/lavocedipianura.it\/?p=3171"},"modified":"2024-05-24T14:00:00","modified_gmt":"2024-05-24T14:00:00","slug":"femmena-il-nuovo-singolo-di-antonio-de-rosa","status":"publish","type":"post","link":"https:\/\/lavocedipianura.it\/?p=3171","title":{"rendered":"&#8220;Femmena&#8221; , il nuovo singolo di Antonio De Rosa"},"content":{"rendered":"\n<p class=\"has-medium-font-size\">Il nuovo singolo del cantautore <strong>Antonio De Rosa<\/strong> in arte Rever Music continua a donare canzoni. &#8220;<strong>Femmena<\/strong>&#8221; \u00e8 un crescendo di note ed emozioni che avvolgono e sostengono un testo poetico e impegnato tutto in lingua madre, un manifesto per tutte le donne &#8220;\u2026che cumbattono tutt&#8217; &#8216;e juorne, mettenne &#8216;a pace &#8216;ngoppe &#8216;a terra&#8221; Testo e musica scritti e composti interamente da Antonio con l&#8217;immancabile collaborazione di Silvio Scala. \u201cFemmena\u201d \u00e8 un brano che arriva dopo un anno rivoluzionario, dalle ultime uscite di cover-dediche a grandi artisti campani tra cui James Senese\/Franco Del Prete &#8211; Nino D&#8217;Angelo &#8211; Claudio Mattone, brani interamente riarrangiati e reinterpretati da Rever Music. La condizione perfetta per ricostruire il percorso musicale del cantautore, un tuffo nel suo passato e il tentativo di far rivivere l\u2019essenzialit\u00e0 del sentimento per la canzone napoletana. &#8221; Dopo l&#8217;ultimo single &#8220;Suonno antico&#8221; fatto insieme al batterista Pasquale Rummo, Rever Music si protrae totalmente nel suo linguaggio musicale e nella voglia di condividere musica. Nei suoi testi trova sempre un modo di raccontare che c\u2019\u00e8 sempre un tempo nuovo, una nuova stagione, una condizione perfetta per sorprendersi ancora\u201d. L\u2019 idea Rever Music \u00e8 anche quella di promuovere il pi\u00f9 possibile il linguaggio ed il lavoro dei cantautori, sdoganando quelli che sono alcuni stereotipi sulla fine del genere. Questo nuovo singolo infatti ispirato dalla nascita del vicolo delle donne nato dai ragazzi dell&#8217;associazione in via duomo a Napoli dove l&#8217;artista Trisha ha raccontato attraverso le sue opere murales pensieri di grandi donne. Come lo stesso autore ha pi\u00f9 volte affermato, tutto ci\u00f2 che Rever Music dona vuole solamente ed umilmente portare poesia, arte e speranza, anche la copertina del singolo: \u00e8 un ritratto realizzato ad-hoc, dallo studio get tour color. Antonio De Rosa, con REVER MUSIC, ha creato un\u2019opera che \u00e8 molto pi\u00f9 di una semplice canzone. &#8220;FEMMENA&#8221; \u00e8 un manifesto di rispetto, una dichiarazione d\u2019amore verso le donne e un invito alla riflessione sulla loro importanza nella nostra societ\u00e0. La canzone \u00e8 un invito a riconoscere e apprezzare il contributo delle donne in ogni ambito della vita.<\/p>\n\n\n\n<p class=\"has-text-align-right has-medium-font-size\"><strong>Redazione<\/strong><\/p>\n\n\n\n<figure class=\"wp-block-embed is-type-video is-provider-youtube wp-block-embed-youtube wp-embed-aspect-4-3 wp-has-aspect-ratio\"><div class=\"wp-block-embed__wrapper\">\n<iframe loading=\"lazy\" title=\"Femmena\" width=\"640\" height=\"480\" src=\"https:\/\/www.youtube.com\/embed\/plwIPkbCpiY?feature=oembed\" frameborder=\"0\" allow=\"accelerometer; autoplay; clipboard-write; encrypted-media; gyroscope; picture-in-picture; web-share\" referrerpolicy=\"strict-origin-when-cross-origin\" allowfullscreen><\/iframe>\n<\/div><figcaption class=\"wp-element-caption\">( <em>Il brano &#8220;<strong>Femmena<\/strong>&#8220;<\/em> )<\/figcaption><\/figure>\n","protected":false},"excerpt":{"rendered":"<p>Il nuovo singolo del cantautore Antonio De Rosa in arte Rever Music continua a donare canzoni. &#8220;Femmena&#8221; \u00e8 un crescendo di note ed emozioni che avvolgono e sostengono un testo poetico e impegnato tutto in lingua madre, un manifesto per tutte le donne &#8220;\u2026che cumbattono tutt&#8217; &#8216;e juorne, mettenne &#8216;a pace &#8216;ngoppe &#8216;a terra&#8221; Testo [&hellip;]<\/p>\n","protected":false},"author":2,"featured_media":3172,"comment_status":"open","ping_status":"closed","sticky":true,"template":"","format":"standard","meta":{"footnotes":""},"categories":[1,12],"tags":[],"class_list":["post-3171","post","type-post","status-publish","format-standard","has-post-thumbnail","hentry","category-attualita","category-napoli"],"yoast_head":"<!-- This site is optimized with the Yoast SEO plugin v27.5 - https:\/\/yoast.com\/product\/yoast-seo-wordpress\/ -->\n<title>&quot;Femmena&quot; , il nuovo singolo di Antonio De Rosa - LA VOCE DI PIANURA<\/title>\n<meta name=\"robots\" content=\"index, follow, max-snippet:-1, max-image-preview:large, max-video-preview:-1\" \/>\n<link rel=\"canonical\" href=\"https:\/\/lavocedipianura.it\/?p=3171\" \/>\n<meta property=\"og:locale\" content=\"it_IT\" \/>\n<meta property=\"og:type\" content=\"article\" \/>\n<meta property=\"og:title\" content=\"&quot;Femmena&quot; , il nuovo singolo di Antonio De Rosa - LA VOCE DI PIANURA\" \/>\n<meta property=\"og:description\" content=\"Il nuovo singolo del cantautore Antonio De Rosa in arte Rever Music continua a donare canzoni. &#8220;Femmena&#8221; \u00e8 un crescendo di note ed emozioni che avvolgono e sostengono un testo poetico e impegnato tutto in lingua madre, un manifesto per tutte le donne &#8220;\u2026che cumbattono tutt&#8217; &#8216;e juorne, mettenne &#8216;a pace &#8216;ngoppe &#8216;a terra&#8221; Testo [&hellip;]\" \/>\n<meta property=\"og:url\" content=\"https:\/\/lavocedipianura.it\/?p=3171\" \/>\n<meta property=\"og:site_name\" content=\"LA VOCE DI PIANURA\" \/>\n<meta property=\"article:publisher\" content=\"https:\/\/www.facebook.com\/lavoce.dipianuranews\" \/>\n<meta property=\"article:published_time\" content=\"2024-05-24T08:45:59+00:00\" \/>\n<meta property=\"article:modified_time\" content=\"2024-05-24T14:00:00+00:00\" \/>\n<meta property=\"og:image\" content=\"https:\/\/lavocedipianura.it\/wp-content\/uploads\/2024\/05\/foto-De-Rosa.jpg\" \/>\n\t<meta property=\"og:image:width\" content=\"500\" \/>\n\t<meta property=\"og:image:height\" content=\"375\" \/>\n\t<meta property=\"og:image:type\" content=\"image\/jpeg\" \/>\n<meta name=\"author\" content=\"La Voce Di Pianura\" \/>\n<meta name=\"twitter:card\" content=\"summary_large_image\" \/>\n<meta name=\"twitter:label1\" content=\"Scritto da\" \/>\n\t<meta name=\"twitter:data1\" content=\"La Voce Di Pianura\" \/>\n\t<meta name=\"twitter:label2\" content=\"Tempo di lettura stimato\" \/>\n\t<meta name=\"twitter:data2\" content=\"3 minuti\" \/>\n<script type=\"application\/ld+json\" class=\"yoast-schema-graph\">{\"@context\":\"https:\\\/\\\/schema.org\",\"@graph\":[{\"@type\":\"Article\",\"@id\":\"https:\\\/\\\/lavocedipianura.it\\\/?p=3171#article\",\"isPartOf\":{\"@id\":\"https:\\\/\\\/lavocedipianura.it\\\/?p=3171\"},\"author\":{\"name\":\"La Voce Di Pianura\",\"@id\":\"https:\\\/\\\/lavocedipianura.it\\\/#\\\/schema\\\/person\\\/2d2d7353b622e7e8469e95bea9855aae\"},\"headline\":\"&#8220;Femmena&#8221; , il nuovo singolo di Antonio De Rosa\",\"datePublished\":\"2024-05-24T08:45:59+00:00\",\"dateModified\":\"2024-05-24T14:00:00+00:00\",\"mainEntityOfPage\":{\"@id\":\"https:\\\/\\\/lavocedipianura.it\\\/?p=3171\"},\"wordCount\":369,\"commentCount\":1,\"publisher\":{\"@id\":\"https:\\\/\\\/lavocedipianura.it\\\/#organization\"},\"image\":{\"@id\":\"https:\\\/\\\/lavocedipianura.it\\\/?p=3171#primaryimage\"},\"thumbnailUrl\":\"https:\\\/\\\/lavocedipianura.it\\\/wp-content\\\/uploads\\\/2024\\\/05\\\/foto-De-Rosa.jpg\",\"articleSection\":[\"ATTUALITA' - PRIMO PIANO\",\"NAPOLI\"],\"inLanguage\":\"it-IT\",\"potentialAction\":[{\"@type\":\"CommentAction\",\"name\":\"Comment\",\"target\":[\"https:\\\/\\\/lavocedipianura.it\\\/?p=3171#respond\"]}]},{\"@type\":\"WebPage\",\"@id\":\"https:\\\/\\\/lavocedipianura.it\\\/?p=3171\",\"url\":\"https:\\\/\\\/lavocedipianura.it\\\/?p=3171\",\"name\":\"\\\"Femmena\\\" , il nuovo singolo di Antonio De Rosa - LA VOCE DI PIANURA\",\"isPartOf\":{\"@id\":\"https:\\\/\\\/lavocedipianura.it\\\/#website\"},\"primaryImageOfPage\":{\"@id\":\"https:\\\/\\\/lavocedipianura.it\\\/?p=3171#primaryimage\"},\"image\":{\"@id\":\"https:\\\/\\\/lavocedipianura.it\\\/?p=3171#primaryimage\"},\"thumbnailUrl\":\"https:\\\/\\\/lavocedipianura.it\\\/wp-content\\\/uploads\\\/2024\\\/05\\\/foto-De-Rosa.jpg\",\"datePublished\":\"2024-05-24T08:45:59+00:00\",\"dateModified\":\"2024-05-24T14:00:00+00:00\",\"breadcrumb\":{\"@id\":\"https:\\\/\\\/lavocedipianura.it\\\/?p=3171#breadcrumb\"},\"inLanguage\":\"it-IT\",\"potentialAction\":[{\"@type\":\"ReadAction\",\"target\":[\"https:\\\/\\\/lavocedipianura.it\\\/?p=3171\"]}]},{\"@type\":\"ImageObject\",\"inLanguage\":\"it-IT\",\"@id\":\"https:\\\/\\\/lavocedipianura.it\\\/?p=3171#primaryimage\",\"url\":\"https:\\\/\\\/lavocedipianura.it\\\/wp-content\\\/uploads\\\/2024\\\/05\\\/foto-De-Rosa.jpg\",\"contentUrl\":\"https:\\\/\\\/lavocedipianura.it\\\/wp-content\\\/uploads\\\/2024\\\/05\\\/foto-De-Rosa.jpg\",\"width\":500,\"height\":375},{\"@type\":\"BreadcrumbList\",\"@id\":\"https:\\\/\\\/lavocedipianura.it\\\/?p=3171#breadcrumb\",\"itemListElement\":[{\"@type\":\"ListItem\",\"position\":1,\"name\":\"Home\",\"item\":\"https:\\\/\\\/lavocedipianura.it\\\/\"},{\"@type\":\"ListItem\",\"position\":2,\"name\":\"&#8220;Femmena&#8221; , il nuovo singolo di Antonio De Rosa\"}]},{\"@type\":\"WebSite\",\"@id\":\"https:\\\/\\\/lavocedipianura.it\\\/#website\",\"url\":\"https:\\\/\\\/lavocedipianura.it\\\/\",\"name\":\"LA VOCE DI PIANURA\",\"description\":\"E NON SOLO ...\",\"publisher\":{\"@id\":\"https:\\\/\\\/lavocedipianura.it\\\/#organization\"},\"potentialAction\":[{\"@type\":\"SearchAction\",\"target\":{\"@type\":\"EntryPoint\",\"urlTemplate\":\"https:\\\/\\\/lavocedipianura.it\\\/?s={search_term_string}\"},\"query-input\":{\"@type\":\"PropertyValueSpecification\",\"valueRequired\":true,\"valueName\":\"search_term_string\"}}],\"inLanguage\":\"it-IT\"},{\"@type\":\"Organization\",\"@id\":\"https:\\\/\\\/lavocedipianura.it\\\/#organization\",\"name\":\"LA VOCE DI PIANURA\",\"url\":\"https:\\\/\\\/lavocedipianura.it\\\/\",\"logo\":{\"@type\":\"ImageObject\",\"inLanguage\":\"it-IT\",\"@id\":\"https:\\\/\\\/lavocedipianura.it\\\/#\\\/schema\\\/logo\\\/image\\\/\",\"url\":\"https:\\\/\\\/lavocedipianura.it\\\/wp-content\\\/uploads\\\/2023\\\/09\\\/cropped-5AEC9D48-F1EC-4405-87BD-B65B00FE3BE3.png\",\"contentUrl\":\"https:\\\/\\\/lavocedipianura.it\\\/wp-content\\\/uploads\\\/2023\\\/09\\\/cropped-5AEC9D48-F1EC-4405-87BD-B65B00FE3BE3.png\",\"width\":1600,\"height\":600,\"caption\":\"LA VOCE DI PIANURA\"},\"image\":{\"@id\":\"https:\\\/\\\/lavocedipianura.it\\\/#\\\/schema\\\/logo\\\/image\\\/\"},\"sameAs\":[\"https:\\\/\\\/www.facebook.com\\\/lavoce.dipianuranews\"]},{\"@type\":\"Person\",\"@id\":\"https:\\\/\\\/lavocedipianura.it\\\/#\\\/schema\\\/person\\\/2d2d7353b622e7e8469e95bea9855aae\",\"name\":\"La Voce Di Pianura\",\"image\":{\"@type\":\"ImageObject\",\"inLanguage\":\"it-IT\",\"@id\":\"https:\\\/\\\/secure.gravatar.com\\\/avatar\\\/cebe499e679fb7b2b2b8e73e14fb76614ae5bbf8c6ca528d79c96519ac1689b2?s=96&d=mm&r=g\",\"url\":\"https:\\\/\\\/secure.gravatar.com\\\/avatar\\\/cebe499e679fb7b2b2b8e73e14fb76614ae5bbf8c6ca528d79c96519ac1689b2?s=96&d=mm&r=g\",\"contentUrl\":\"https:\\\/\\\/secure.gravatar.com\\\/avatar\\\/cebe499e679fb7b2b2b8e73e14fb76614ae5bbf8c6ca528d79c96519ac1689b2?s=96&d=mm&r=g\",\"caption\":\"La Voce Di Pianura\"},\"url\":\"https:\\\/\\\/lavocedipianura.it\\\/?author=2\"}]}<\/script>\n<!-- \/ Yoast SEO plugin. -->","yoast_head_json":{"title":"\"Femmena\" , il nuovo singolo di Antonio De Rosa - LA VOCE DI PIANURA","robots":{"index":"index","follow":"follow","max-snippet":"max-snippet:-1","max-image-preview":"max-image-preview:large","max-video-preview":"max-video-preview:-1"},"canonical":"https:\/\/lavocedipianura.it\/?p=3171","og_locale":"it_IT","og_type":"article","og_title":"\"Femmena\" , il nuovo singolo di Antonio De Rosa - LA VOCE DI PIANURA","og_description":"Il nuovo singolo del cantautore Antonio De Rosa in arte Rever Music continua a donare canzoni. &#8220;Femmena&#8221; \u00e8 un crescendo di note ed emozioni che avvolgono e sostengono un testo poetico e impegnato tutto in lingua madre, un manifesto per tutte le donne &#8220;\u2026che cumbattono tutt&#8217; &#8216;e juorne, mettenne &#8216;a pace &#8216;ngoppe &#8216;a terra&#8221; Testo [&hellip;]","og_url":"https:\/\/lavocedipianura.it\/?p=3171","og_site_name":"LA VOCE DI PIANURA","article_publisher":"https:\/\/www.facebook.com\/lavoce.dipianuranews","article_published_time":"2024-05-24T08:45:59+00:00","article_modified_time":"2024-05-24T14:00:00+00:00","og_image":[{"width":500,"height":375,"url":"https:\/\/lavocedipianura.it\/wp-content\/uploads\/2024\/05\/foto-De-Rosa.jpg","type":"image\/jpeg"}],"author":"La Voce Di Pianura","twitter_card":"summary_large_image","twitter_misc":{"Scritto da":"La Voce Di Pianura","Tempo di lettura stimato":"3 minuti"},"schema":{"@context":"https:\/\/schema.org","@graph":[{"@type":"Article","@id":"https:\/\/lavocedipianura.it\/?p=3171#article","isPartOf":{"@id":"https:\/\/lavocedipianura.it\/?p=3171"},"author":{"name":"La Voce Di Pianura","@id":"https:\/\/lavocedipianura.it\/#\/schema\/person\/2d2d7353b622e7e8469e95bea9855aae"},"headline":"&#8220;Femmena&#8221; , il nuovo singolo di Antonio De Rosa","datePublished":"2024-05-24T08:45:59+00:00","dateModified":"2024-05-24T14:00:00+00:00","mainEntityOfPage":{"@id":"https:\/\/lavocedipianura.it\/?p=3171"},"wordCount":369,"commentCount":1,"publisher":{"@id":"https:\/\/lavocedipianura.it\/#organization"},"image":{"@id":"https:\/\/lavocedipianura.it\/?p=3171#primaryimage"},"thumbnailUrl":"https:\/\/lavocedipianura.it\/wp-content\/uploads\/2024\/05\/foto-De-Rosa.jpg","articleSection":["ATTUALITA' - PRIMO PIANO","NAPOLI"],"inLanguage":"it-IT","potentialAction":[{"@type":"CommentAction","name":"Comment","target":["https:\/\/lavocedipianura.it\/?p=3171#respond"]}]},{"@type":"WebPage","@id":"https:\/\/lavocedipianura.it\/?p=3171","url":"https:\/\/lavocedipianura.it\/?p=3171","name":"\"Femmena\" , il nuovo singolo di Antonio De Rosa - LA VOCE DI PIANURA","isPartOf":{"@id":"https:\/\/lavocedipianura.it\/#website"},"primaryImageOfPage":{"@id":"https:\/\/lavocedipianura.it\/?p=3171#primaryimage"},"image":{"@id":"https:\/\/lavocedipianura.it\/?p=3171#primaryimage"},"thumbnailUrl":"https:\/\/lavocedipianura.it\/wp-content\/uploads\/2024\/05\/foto-De-Rosa.jpg","datePublished":"2024-05-24T08:45:59+00:00","dateModified":"2024-05-24T14:00:00+00:00","breadcrumb":{"@id":"https:\/\/lavocedipianura.it\/?p=3171#breadcrumb"},"inLanguage":"it-IT","potentialAction":[{"@type":"ReadAction","target":["https:\/\/lavocedipianura.it\/?p=3171"]}]},{"@type":"ImageObject","inLanguage":"it-IT","@id":"https:\/\/lavocedipianura.it\/?p=3171#primaryimage","url":"https:\/\/lavocedipianura.it\/wp-content\/uploads\/2024\/05\/foto-De-Rosa.jpg","contentUrl":"https:\/\/lavocedipianura.it\/wp-content\/uploads\/2024\/05\/foto-De-Rosa.jpg","width":500,"height":375},{"@type":"BreadcrumbList","@id":"https:\/\/lavocedipianura.it\/?p=3171#breadcrumb","itemListElement":[{"@type":"ListItem","position":1,"name":"Home","item":"https:\/\/lavocedipianura.it\/"},{"@type":"ListItem","position":2,"name":"&#8220;Femmena&#8221; , il nuovo singolo di Antonio De Rosa"}]},{"@type":"WebSite","@id":"https:\/\/lavocedipianura.it\/#website","url":"https:\/\/lavocedipianura.it\/","name":"LA VOCE DI PIANURA","description":"E NON SOLO ...","publisher":{"@id":"https:\/\/lavocedipianura.it\/#organization"},"potentialAction":[{"@type":"SearchAction","target":{"@type":"EntryPoint","urlTemplate":"https:\/\/lavocedipianura.it\/?s={search_term_string}"},"query-input":{"@type":"PropertyValueSpecification","valueRequired":true,"valueName":"search_term_string"}}],"inLanguage":"it-IT"},{"@type":"Organization","@id":"https:\/\/lavocedipianura.it\/#organization","name":"LA VOCE DI PIANURA","url":"https:\/\/lavocedipianura.it\/","logo":{"@type":"ImageObject","inLanguage":"it-IT","@id":"https:\/\/lavocedipianura.it\/#\/schema\/logo\/image\/","url":"https:\/\/lavocedipianura.it\/wp-content\/uploads\/2023\/09\/cropped-5AEC9D48-F1EC-4405-87BD-B65B00FE3BE3.png","contentUrl":"https:\/\/lavocedipianura.it\/wp-content\/uploads\/2023\/09\/cropped-5AEC9D48-F1EC-4405-87BD-B65B00FE3BE3.png","width":1600,"height":600,"caption":"LA VOCE DI PIANURA"},"image":{"@id":"https:\/\/lavocedipianura.it\/#\/schema\/logo\/image\/"},"sameAs":["https:\/\/www.facebook.com\/lavoce.dipianuranews"]},{"@type":"Person","@id":"https:\/\/lavocedipianura.it\/#\/schema\/person\/2d2d7353b622e7e8469e95bea9855aae","name":"La Voce Di Pianura","image":{"@type":"ImageObject","inLanguage":"it-IT","@id":"https:\/\/secure.gravatar.com\/avatar\/cebe499e679fb7b2b2b8e73e14fb76614ae5bbf8c6ca528d79c96519ac1689b2?s=96&d=mm&r=g","url":"https:\/\/secure.gravatar.com\/avatar\/cebe499e679fb7b2b2b8e73e14fb76614ae5bbf8c6ca528d79c96519ac1689b2?s=96&d=mm&r=g","contentUrl":"https:\/\/secure.gravatar.com\/avatar\/cebe499e679fb7b2b2b8e73e14fb76614ae5bbf8c6ca528d79c96519ac1689b2?s=96&d=mm&r=g","caption":"La Voce Di Pianura"},"url":"https:\/\/lavocedipianura.it\/?author=2"}]}},"_links":{"self":[{"href":"https:\/\/lavocedipianura.it\/index.php?rest_route=\/wp\/v2\/posts\/3171","targetHints":{"allow":["GET"]}}],"collection":[{"href":"https:\/\/lavocedipianura.it\/index.php?rest_route=\/wp\/v2\/posts"}],"about":[{"href":"https:\/\/lavocedipianura.it\/index.php?rest_route=\/wp\/v2\/types\/post"}],"author":[{"embeddable":true,"href":"https:\/\/lavocedipianura.it\/index.php?rest_route=\/wp\/v2\/users\/2"}],"replies":[{"embeddable":true,"href":"https:\/\/lavocedipianura.it\/index.php?rest_route=%2Fwp%2Fv2%2Fcomments&post=3171"}],"version-history":[{"count":5,"href":"https:\/\/lavocedipianura.it\/index.php?rest_route=\/wp\/v2\/posts\/3171\/revisions"}],"predecessor-version":[{"id":3189,"href":"https:\/\/lavocedipianura.it\/index.php?rest_route=\/wp\/v2\/posts\/3171\/revisions\/3189"}],"wp:featuredmedia":[{"embeddable":true,"href":"https:\/\/lavocedipianura.it\/index.php?rest_route=\/wp\/v2\/media\/3172"}],"wp:attachment":[{"href":"https:\/\/lavocedipianura.it\/index.php?rest_route=%2Fwp%2Fv2%2Fmedia&parent=3171"}],"wp:term":[{"taxonomy":"category","embeddable":true,"href":"https:\/\/lavocedipianura.it\/index.php?rest_route=%2Fwp%2Fv2%2Fcategories&post=3171"},{"taxonomy":"post_tag","embeddable":true,"href":"https:\/\/lavocedipianura.it\/index.php?rest_route=%2Fwp%2Fv2%2Ftags&post=3171"}],"curies":[{"name":"wp","href":"https:\/\/api.w.org\/{rel}","templated":true}]}}