{"id":2883,"date":"2024-04-24T12:05:06","date_gmt":"2024-04-24T12:05:06","guid":{"rendered":"https:\/\/lavocedipianura.it\/?p=2883"},"modified":"2024-04-24T13:09:36","modified_gmt":"2024-04-24T13:09:36","slug":"tradizioni-e-autonomia-scolastica-il-caso-pioltello-e-le-polemiche","status":"publish","type":"post","link":"https:\/\/lavocedipianura.it\/?p=2883","title":{"rendered":"Tradizioni e Autonomia Scolastica: il caso Pioltello e le polemiche"},"content":{"rendered":"\n<p>In un&#8217;epoca in cui le tradizioni e le identit\u00e0 culturali rischiano di essere spazzate via dalla marea dell&#8217;omologazione, il caso della scuola di Pioltello assume una rilevanza cruciale nel difendere il valore delle radici. <\/p>\n\n\n\n<p>Il fatto che la scuola abbia deciso di chiudere per due giorni in occasione del Ramadan potrebbe essere considerato, al massimo, una motivazione accettabile per giustificare l&#8217;assenza di singoli studenti. Non dovrebbe determinare una sospensione delle lezioni per tutti. La continuit\u00e0 dell&#8217;istruzione \u00e8 una priorit\u00e0 assoluta che garantisce agli studenti l&#8217;accesso a un ambiente educativo stabile e coeso.<\/p>\n\n\n\n<p>Tuttavia la giunta della regione Campania ha approvato ieri la delibera relativa al calendario scolastico per l&#8217;anno 2024\/2025, sottolineando che le singole istituzioni avranno la possibilit\u00e0 di apportare adattamenti motivati al calendario stesso. Tra le motivazioni ammesse sono state aggiunte considerazioni legate alla vocazione turistica del territorio e alle festivit\u00e0 religiose.<\/p>\n\n\n\n<p>Inoltre ogni scuola avr\u00e0 la facolt\u00e0 di inserire la festa di fine Ramadan nel proprio calendario, previa approvazione in consiglio d&#8217;istituto.<\/p>\n\n\n\n<p>Questa decisione ha scatenato vivaci polemiche politiche, il centro destra ha infatti manifestato il proprio dissenso. &#8220;Non sar\u00e0 pi\u00f9 possibile chiudere una scuola in occasione di una festivit\u00e0 non riconosciuta dallo Stato. Il provvedimento \u00e8 in dirittura d&#8217;arrivo.&#8221; &#8216;E&#8217; quanto dichiarato dal ministro dell&#8217;Istruzione e del Merito, Giuseppe Valditara.<\/p>\n\n\n\n<p>Fulvio Martusciello, europarlamentare e coordinatore regionale di Forza Italia, ha criticato duramente la decisione della regione Campania, definendola un abuso dell&#8217;autonomia e temendo che possa attrarre immigrati da altre regioni. <\/p>\n\n\n\n<p>Marco Nonno, coordinatore cittadino di Fratelli d&#8217;Italia, ha espresso un forte dissenso nei confronti del presidente della regione Campania, De Luca, sottolineando che dovrebbe concentrarsi su questioni pi\u00f9 rilevanti anzich\u00e9 interferire con l&#8217;educazione dei bambini.<\/p>\n\n\n\n<p class=\"has-text-align-right has-medium-font-size\"><strong>Martina Succoio<\/strong><\/p>\n","protected":false},"excerpt":{"rendered":"<p>In un&#8217;epoca in cui le tradizioni e le identit\u00e0 culturali rischiano di essere spazzate via dalla marea dell&#8217;omologazione, il caso della scuola di Pioltello assume una rilevanza cruciale nel difendere il valore delle radici. Il fatto che la scuola abbia deciso di chiudere per due giorni in occasione del Ramadan potrebbe essere considerato, al massimo, [&hellip;]<\/p>\n","protected":false},"author":2,"featured_media":2884,"comment_status":"open","ping_status":"closed","sticky":true,"template":"","format":"standard","meta":{"footnotes":""},"categories":[1,12],"tags":[],"class_list":["post-2883","post","type-post","status-publish","format-standard","has-post-thumbnail","hentry","category-attualita","category-napoli"],"yoast_head":"<!-- This site is optimized with the Yoast SEO plugin v27.5 - https:\/\/yoast.com\/product\/yoast-seo-wordpress\/ -->\n<title>Tradizioni e Autonomia Scolastica: il caso Pioltello e le polemiche - LA VOCE DI PIANURA<\/title>\n<meta name=\"robots\" content=\"index, follow, max-snippet:-1, max-image-preview:large, max-video-preview:-1\" \/>\n<link rel=\"canonical\" href=\"https:\/\/lavocedipianura.it\/?p=2883\" \/>\n<meta property=\"og:locale\" content=\"it_IT\" \/>\n<meta property=\"og:type\" content=\"article\" \/>\n<meta property=\"og:title\" content=\"Tradizioni e Autonomia Scolastica: il caso Pioltello e le polemiche - LA VOCE DI PIANURA\" \/>\n<meta property=\"og:description\" content=\"In un&#8217;epoca in cui le tradizioni e le identit\u00e0 culturali rischiano di essere spazzate via dalla marea dell&#8217;omologazione, il caso della scuola di Pioltello assume una rilevanza cruciale nel difendere il valore delle radici. Il fatto che la scuola abbia deciso di chiudere per due giorni in occasione del Ramadan potrebbe essere considerato, al massimo, [&hellip;]\" \/>\n<meta property=\"og:url\" content=\"https:\/\/lavocedipianura.it\/?p=2883\" \/>\n<meta property=\"og:site_name\" content=\"LA VOCE DI PIANURA\" \/>\n<meta property=\"article:publisher\" content=\"https:\/\/www.facebook.com\/lavoce.dipianuranews\" \/>\n<meta property=\"article:published_time\" content=\"2024-04-24T12:05:06+00:00\" \/>\n<meta property=\"article:modified_time\" content=\"2024-04-24T13:09:36+00:00\" \/>\n<meta property=\"og:image\" content=\"https:\/\/lavocedipianura.it\/wp-content\/uploads\/2024\/04\/classe-banchi-vuoti-a-scuola-2.jpg\" \/>\n\t<meta property=\"og:image:width\" content=\"1000\" \/>\n\t<meta property=\"og:image:height\" content=\"563\" \/>\n\t<meta property=\"og:image:type\" content=\"image\/jpeg\" \/>\n<meta name=\"author\" content=\"La Voce Di Pianura\" \/>\n<meta name=\"twitter:card\" content=\"summary_large_image\" \/>\n<meta name=\"twitter:label1\" content=\"Scritto da\" \/>\n\t<meta name=\"twitter:data1\" content=\"La Voce Di Pianura\" \/>\n\t<meta name=\"twitter:label2\" content=\"Tempo di lettura stimato\" \/>\n\t<meta name=\"twitter:data2\" content=\"2 minuti\" \/>\n<script type=\"application\/ld+json\" class=\"yoast-schema-graph\">{\"@context\":\"https:\\\/\\\/schema.org\",\"@graph\":[{\"@type\":\"Article\",\"@id\":\"https:\\\/\\\/lavocedipianura.it\\\/?p=2883#article\",\"isPartOf\":{\"@id\":\"https:\\\/\\\/lavocedipianura.it\\\/?p=2883\"},\"author\":{\"name\":\"La Voce Di Pianura\",\"@id\":\"https:\\\/\\\/lavocedipianura.it\\\/#\\\/schema\\\/person\\\/2d2d7353b622e7e8469e95bea9855aae\"},\"headline\":\"Tradizioni e Autonomia Scolastica: il caso Pioltello e le polemiche\",\"datePublished\":\"2024-04-24T12:05:06+00:00\",\"dateModified\":\"2024-04-24T13:09:36+00:00\",\"mainEntityOfPage\":{\"@id\":\"https:\\\/\\\/lavocedipianura.it\\\/?p=2883\"},\"wordCount\":299,\"commentCount\":0,\"publisher\":{\"@id\":\"https:\\\/\\\/lavocedipianura.it\\\/#organization\"},\"image\":{\"@id\":\"https:\\\/\\\/lavocedipianura.it\\\/?p=2883#primaryimage\"},\"thumbnailUrl\":\"https:\\\/\\\/lavocedipianura.it\\\/wp-content\\\/uploads\\\/2024\\\/04\\\/classe-banchi-vuoti-a-scuola-2.jpg\",\"articleSection\":[\"ATTUALITA' - PRIMO PIANO\",\"NAPOLI\"],\"inLanguage\":\"it-IT\",\"potentialAction\":[{\"@type\":\"CommentAction\",\"name\":\"Comment\",\"target\":[\"https:\\\/\\\/lavocedipianura.it\\\/?p=2883#respond\"]}]},{\"@type\":\"WebPage\",\"@id\":\"https:\\\/\\\/lavocedipianura.it\\\/?p=2883\",\"url\":\"https:\\\/\\\/lavocedipianura.it\\\/?p=2883\",\"name\":\"Tradizioni e Autonomia Scolastica: il caso Pioltello e le polemiche - LA VOCE DI PIANURA\",\"isPartOf\":{\"@id\":\"https:\\\/\\\/lavocedipianura.it\\\/#website\"},\"primaryImageOfPage\":{\"@id\":\"https:\\\/\\\/lavocedipianura.it\\\/?p=2883#primaryimage\"},\"image\":{\"@id\":\"https:\\\/\\\/lavocedipianura.it\\\/?p=2883#primaryimage\"},\"thumbnailUrl\":\"https:\\\/\\\/lavocedipianura.it\\\/wp-content\\\/uploads\\\/2024\\\/04\\\/classe-banchi-vuoti-a-scuola-2.jpg\",\"datePublished\":\"2024-04-24T12:05:06+00:00\",\"dateModified\":\"2024-04-24T13:09:36+00:00\",\"breadcrumb\":{\"@id\":\"https:\\\/\\\/lavocedipianura.it\\\/?p=2883#breadcrumb\"},\"inLanguage\":\"it-IT\",\"potentialAction\":[{\"@type\":\"ReadAction\",\"target\":[\"https:\\\/\\\/lavocedipianura.it\\\/?p=2883\"]}]},{\"@type\":\"ImageObject\",\"inLanguage\":\"it-IT\",\"@id\":\"https:\\\/\\\/lavocedipianura.it\\\/?p=2883#primaryimage\",\"url\":\"https:\\\/\\\/lavocedipianura.it\\\/wp-content\\\/uploads\\\/2024\\\/04\\\/classe-banchi-vuoti-a-scuola-2.jpg\",\"contentUrl\":\"https:\\\/\\\/lavocedipianura.it\\\/wp-content\\\/uploads\\\/2024\\\/04\\\/classe-banchi-vuoti-a-scuola-2.jpg\",\"width\":1000,\"height\":563},{\"@type\":\"BreadcrumbList\",\"@id\":\"https:\\\/\\\/lavocedipianura.it\\\/?p=2883#breadcrumb\",\"itemListElement\":[{\"@type\":\"ListItem\",\"position\":1,\"name\":\"Home\",\"item\":\"https:\\\/\\\/lavocedipianura.it\\\/\"},{\"@type\":\"ListItem\",\"position\":2,\"name\":\"Tradizioni e Autonomia Scolastica: il caso Pioltello e le polemiche\"}]},{\"@type\":\"WebSite\",\"@id\":\"https:\\\/\\\/lavocedipianura.it\\\/#website\",\"url\":\"https:\\\/\\\/lavocedipianura.it\\\/\",\"name\":\"LA VOCE DI PIANURA\",\"description\":\"E NON SOLO ...\",\"publisher\":{\"@id\":\"https:\\\/\\\/lavocedipianura.it\\\/#organization\"},\"potentialAction\":[{\"@type\":\"SearchAction\",\"target\":{\"@type\":\"EntryPoint\",\"urlTemplate\":\"https:\\\/\\\/lavocedipianura.it\\\/?s={search_term_string}\"},\"query-input\":{\"@type\":\"PropertyValueSpecification\",\"valueRequired\":true,\"valueName\":\"search_term_string\"}}],\"inLanguage\":\"it-IT\"},{\"@type\":\"Organization\",\"@id\":\"https:\\\/\\\/lavocedipianura.it\\\/#organization\",\"name\":\"LA VOCE DI PIANURA\",\"url\":\"https:\\\/\\\/lavocedipianura.it\\\/\",\"logo\":{\"@type\":\"ImageObject\",\"inLanguage\":\"it-IT\",\"@id\":\"https:\\\/\\\/lavocedipianura.it\\\/#\\\/schema\\\/logo\\\/image\\\/\",\"url\":\"https:\\\/\\\/lavocedipianura.it\\\/wp-content\\\/uploads\\\/2023\\\/09\\\/cropped-5AEC9D48-F1EC-4405-87BD-B65B00FE3BE3.png\",\"contentUrl\":\"https:\\\/\\\/lavocedipianura.it\\\/wp-content\\\/uploads\\\/2023\\\/09\\\/cropped-5AEC9D48-F1EC-4405-87BD-B65B00FE3BE3.png\",\"width\":1600,\"height\":600,\"caption\":\"LA VOCE DI PIANURA\"},\"image\":{\"@id\":\"https:\\\/\\\/lavocedipianura.it\\\/#\\\/schema\\\/logo\\\/image\\\/\"},\"sameAs\":[\"https:\\\/\\\/www.facebook.com\\\/lavoce.dipianuranews\"]},{\"@type\":\"Person\",\"@id\":\"https:\\\/\\\/lavocedipianura.it\\\/#\\\/schema\\\/person\\\/2d2d7353b622e7e8469e95bea9855aae\",\"name\":\"La Voce Di Pianura\",\"image\":{\"@type\":\"ImageObject\",\"inLanguage\":\"it-IT\",\"@id\":\"https:\\\/\\\/secure.gravatar.com\\\/avatar\\\/cebe499e679fb7b2b2b8e73e14fb76614ae5bbf8c6ca528d79c96519ac1689b2?s=96&d=mm&r=g\",\"url\":\"https:\\\/\\\/secure.gravatar.com\\\/avatar\\\/cebe499e679fb7b2b2b8e73e14fb76614ae5bbf8c6ca528d79c96519ac1689b2?s=96&d=mm&r=g\",\"contentUrl\":\"https:\\\/\\\/secure.gravatar.com\\\/avatar\\\/cebe499e679fb7b2b2b8e73e14fb76614ae5bbf8c6ca528d79c96519ac1689b2?s=96&d=mm&r=g\",\"caption\":\"La Voce Di Pianura\"},\"url\":\"https:\\\/\\\/lavocedipianura.it\\\/?author=2\"}]}<\/script>\n<!-- \/ Yoast SEO plugin. -->","yoast_head_json":{"title":"Tradizioni e Autonomia Scolastica: il caso Pioltello e le polemiche - LA VOCE DI PIANURA","robots":{"index":"index","follow":"follow","max-snippet":"max-snippet:-1","max-image-preview":"max-image-preview:large","max-video-preview":"max-video-preview:-1"},"canonical":"https:\/\/lavocedipianura.it\/?p=2883","og_locale":"it_IT","og_type":"article","og_title":"Tradizioni e Autonomia Scolastica: il caso Pioltello e le polemiche - LA VOCE DI PIANURA","og_description":"In un&#8217;epoca in cui le tradizioni e le identit\u00e0 culturali rischiano di essere spazzate via dalla marea dell&#8217;omologazione, il caso della scuola di Pioltello assume una rilevanza cruciale nel difendere il valore delle radici. Il fatto che la scuola abbia deciso di chiudere per due giorni in occasione del Ramadan potrebbe essere considerato, al massimo, [&hellip;]","og_url":"https:\/\/lavocedipianura.it\/?p=2883","og_site_name":"LA VOCE DI PIANURA","article_publisher":"https:\/\/www.facebook.com\/lavoce.dipianuranews","article_published_time":"2024-04-24T12:05:06+00:00","article_modified_time":"2024-04-24T13:09:36+00:00","og_image":[{"width":1000,"height":563,"url":"https:\/\/lavocedipianura.it\/wp-content\/uploads\/2024\/04\/classe-banchi-vuoti-a-scuola-2.jpg","type":"image\/jpeg"}],"author":"La Voce Di Pianura","twitter_card":"summary_large_image","twitter_misc":{"Scritto da":"La Voce Di Pianura","Tempo di lettura stimato":"2 minuti"},"schema":{"@context":"https:\/\/schema.org","@graph":[{"@type":"Article","@id":"https:\/\/lavocedipianura.it\/?p=2883#article","isPartOf":{"@id":"https:\/\/lavocedipianura.it\/?p=2883"},"author":{"name":"La Voce Di Pianura","@id":"https:\/\/lavocedipianura.it\/#\/schema\/person\/2d2d7353b622e7e8469e95bea9855aae"},"headline":"Tradizioni e Autonomia Scolastica: il caso Pioltello e le polemiche","datePublished":"2024-04-24T12:05:06+00:00","dateModified":"2024-04-24T13:09:36+00:00","mainEntityOfPage":{"@id":"https:\/\/lavocedipianura.it\/?p=2883"},"wordCount":299,"commentCount":0,"publisher":{"@id":"https:\/\/lavocedipianura.it\/#organization"},"image":{"@id":"https:\/\/lavocedipianura.it\/?p=2883#primaryimage"},"thumbnailUrl":"https:\/\/lavocedipianura.it\/wp-content\/uploads\/2024\/04\/classe-banchi-vuoti-a-scuola-2.jpg","articleSection":["ATTUALITA' - PRIMO PIANO","NAPOLI"],"inLanguage":"it-IT","potentialAction":[{"@type":"CommentAction","name":"Comment","target":["https:\/\/lavocedipianura.it\/?p=2883#respond"]}]},{"@type":"WebPage","@id":"https:\/\/lavocedipianura.it\/?p=2883","url":"https:\/\/lavocedipianura.it\/?p=2883","name":"Tradizioni e Autonomia Scolastica: il caso Pioltello e le polemiche - LA VOCE DI PIANURA","isPartOf":{"@id":"https:\/\/lavocedipianura.it\/#website"},"primaryImageOfPage":{"@id":"https:\/\/lavocedipianura.it\/?p=2883#primaryimage"},"image":{"@id":"https:\/\/lavocedipianura.it\/?p=2883#primaryimage"},"thumbnailUrl":"https:\/\/lavocedipianura.it\/wp-content\/uploads\/2024\/04\/classe-banchi-vuoti-a-scuola-2.jpg","datePublished":"2024-04-24T12:05:06+00:00","dateModified":"2024-04-24T13:09:36+00:00","breadcrumb":{"@id":"https:\/\/lavocedipianura.it\/?p=2883#breadcrumb"},"inLanguage":"it-IT","potentialAction":[{"@type":"ReadAction","target":["https:\/\/lavocedipianura.it\/?p=2883"]}]},{"@type":"ImageObject","inLanguage":"it-IT","@id":"https:\/\/lavocedipianura.it\/?p=2883#primaryimage","url":"https:\/\/lavocedipianura.it\/wp-content\/uploads\/2024\/04\/classe-banchi-vuoti-a-scuola-2.jpg","contentUrl":"https:\/\/lavocedipianura.it\/wp-content\/uploads\/2024\/04\/classe-banchi-vuoti-a-scuola-2.jpg","width":1000,"height":563},{"@type":"BreadcrumbList","@id":"https:\/\/lavocedipianura.it\/?p=2883#breadcrumb","itemListElement":[{"@type":"ListItem","position":1,"name":"Home","item":"https:\/\/lavocedipianura.it\/"},{"@type":"ListItem","position":2,"name":"Tradizioni e Autonomia Scolastica: il caso Pioltello e le polemiche"}]},{"@type":"WebSite","@id":"https:\/\/lavocedipianura.it\/#website","url":"https:\/\/lavocedipianura.it\/","name":"LA VOCE DI PIANURA","description":"E NON SOLO ...","publisher":{"@id":"https:\/\/lavocedipianura.it\/#organization"},"potentialAction":[{"@type":"SearchAction","target":{"@type":"EntryPoint","urlTemplate":"https:\/\/lavocedipianura.it\/?s={search_term_string}"},"query-input":{"@type":"PropertyValueSpecification","valueRequired":true,"valueName":"search_term_string"}}],"inLanguage":"it-IT"},{"@type":"Organization","@id":"https:\/\/lavocedipianura.it\/#organization","name":"LA VOCE DI PIANURA","url":"https:\/\/lavocedipianura.it\/","logo":{"@type":"ImageObject","inLanguage":"it-IT","@id":"https:\/\/lavocedipianura.it\/#\/schema\/logo\/image\/","url":"https:\/\/lavocedipianura.it\/wp-content\/uploads\/2023\/09\/cropped-5AEC9D48-F1EC-4405-87BD-B65B00FE3BE3.png","contentUrl":"https:\/\/lavocedipianura.it\/wp-content\/uploads\/2023\/09\/cropped-5AEC9D48-F1EC-4405-87BD-B65B00FE3BE3.png","width":1600,"height":600,"caption":"LA VOCE DI PIANURA"},"image":{"@id":"https:\/\/lavocedipianura.it\/#\/schema\/logo\/image\/"},"sameAs":["https:\/\/www.facebook.com\/lavoce.dipianuranews"]},{"@type":"Person","@id":"https:\/\/lavocedipianura.it\/#\/schema\/person\/2d2d7353b622e7e8469e95bea9855aae","name":"La Voce Di Pianura","image":{"@type":"ImageObject","inLanguage":"it-IT","@id":"https:\/\/secure.gravatar.com\/avatar\/cebe499e679fb7b2b2b8e73e14fb76614ae5bbf8c6ca528d79c96519ac1689b2?s=96&d=mm&r=g","url":"https:\/\/secure.gravatar.com\/avatar\/cebe499e679fb7b2b2b8e73e14fb76614ae5bbf8c6ca528d79c96519ac1689b2?s=96&d=mm&r=g","contentUrl":"https:\/\/secure.gravatar.com\/avatar\/cebe499e679fb7b2b2b8e73e14fb76614ae5bbf8c6ca528d79c96519ac1689b2?s=96&d=mm&r=g","caption":"La Voce Di Pianura"},"url":"https:\/\/lavocedipianura.it\/?author=2"}]}},"_links":{"self":[{"href":"https:\/\/lavocedipianura.it\/index.php?rest_route=\/wp\/v2\/posts\/2883","targetHints":{"allow":["GET"]}}],"collection":[{"href":"https:\/\/lavocedipianura.it\/index.php?rest_route=\/wp\/v2\/posts"}],"about":[{"href":"https:\/\/lavocedipianura.it\/index.php?rest_route=\/wp\/v2\/types\/post"}],"author":[{"embeddable":true,"href":"https:\/\/lavocedipianura.it\/index.php?rest_route=\/wp\/v2\/users\/2"}],"replies":[{"embeddable":true,"href":"https:\/\/lavocedipianura.it\/index.php?rest_route=%2Fwp%2Fv2%2Fcomments&post=2883"}],"version-history":[{"count":2,"href":"https:\/\/lavocedipianura.it\/index.php?rest_route=\/wp\/v2\/posts\/2883\/revisions"}],"predecessor-version":[{"id":2890,"href":"https:\/\/lavocedipianura.it\/index.php?rest_route=\/wp\/v2\/posts\/2883\/revisions\/2890"}],"wp:featuredmedia":[{"embeddable":true,"href":"https:\/\/lavocedipianura.it\/index.php?rest_route=\/wp\/v2\/media\/2884"}],"wp:attachment":[{"href":"https:\/\/lavocedipianura.it\/index.php?rest_route=%2Fwp%2Fv2%2Fmedia&parent=2883"}],"wp:term":[{"taxonomy":"category","embeddable":true,"href":"https:\/\/lavocedipianura.it\/index.php?rest_route=%2Fwp%2Fv2%2Fcategories&post=2883"},{"taxonomy":"post_tag","embeddable":true,"href":"https:\/\/lavocedipianura.it\/index.php?rest_route=%2Fwp%2Fv2%2Ftags&post=2883"}],"curies":[{"name":"wp","href":"https:\/\/api.w.org\/{rel}","templated":true}]}}