{"id":1913,"date":"2023-11-29T10:35:32","date_gmt":"2023-11-29T10:35:32","guid":{"rendered":"https:\/\/lavocedipianura.it\/?p=1913"},"modified":"2023-12-04T11:51:13","modified_gmt":"2023-12-04T11:51:13","slug":"elezione-del-forum-dei-giovani","status":"publish","type":"post","link":"https:\/\/lavocedipianura.it\/?p=1913","title":{"rendered":"Elezione del Forum dei giovani"},"content":{"rendered":"\n<p>Oggi 29 novembre, presso la sala consiliare del Comune di Napoli, in via G. Verdi n. 35, si terr\u00e0 la presentazione della lista: &#8220;Napoli ai Giovani &#8211; Uniti per il Futuro&#8221;.  <\/p>\n\n\n\n<p>Dall&#8217;11 Dicembre al 15 si voter\u00e0, infatti, per eleggere il Forum dei Giovani del Comune di Napoli. Per chi non lo sapesse, si tratta di un organismo decisionale composto da un&#8217;assemblea di 30 consiglieri scelti\/e dall\u2019elettorato, di et\u00e0 compresa tra i 16 e i 34, tutti residenti nel territorio del Comune di Napoli. <\/p>\n\n\n\n<p>Rappresenta, questo, un modo fondamentale per avvicinare i giovani alla vita politica della citt\u00e0 e alle istituzioni. Infatti i consiglieri avranno un ruolo attivo mediante la formulazione di proposte e pareri, interagendo personalmente con la Giunta e il Consiglio comunale. <\/p>\n\n\n\n<div class=\"wp-block-group is-vertical is-layout-flex wp-container-core-group-is-layout-fe9cc265 wp-block-group-is-layout-flex\">\n<p>Le liste presentate sono 5, per un totale di 127 candidati, le modalit\u00e0 di voto verranno specificate sul sito del comune di Napoli ma si anticipa che sar\u00e0 possibile votare sia su una piattaforma digitale sia in presenza. <\/p>\n\n\n\n<p>Al seguente link le liste e i nomi dei candidati<a href=\" https:\/\/napoli.camelot.vote\/\"> https:\/\/napoli.camelot.vote\/<\/a>.<\/p>\n\n\n\n<h2 class=\"wp-block-heading\">La lista proposta dal centro destra: Napoli ai Giovani &#8211; Uniti per il Futuro  <\/h2>\n<\/div>\n\n\n\n<p>Il centro destra si presenta compatto e in totale armonia, come dichiarato in una nota congiunta da Gianfranco Succoio (Forza Italia Giovani Campania), Emanuele Papa (Lega Giovani Napoli) e Antonio Quaranta (Giovent\u00f9 Nazionale). L&#8217;appuntamento di oggi sar\u00e0 &#8220;<em>Un&#8217;occasione unica per conoscere da vicino i nostri candidati e per ascoltare gli ambiziosi obiettivi che ci siamo prefissati per rendere Napoli una citt\u00e0 pi\u00f9 inclusiva e prospettica per le generazioni future&#8221;<\/em>, infine la lista \u00e8 presentata quale<em> &#8220;unica alternativa che unisce il centrodestra, porta con s\u00e9 una visione concreta e partecipativa, volta a coinvolgere attivamente i giovani nella costruzione del futuro della nostra citt\u00e0. I nostri candidati, provenienti da diverse realt\u00e0 e con esperienze eterogenee, sono pronti a mettersi al servizio della comunit\u00e0 per affrontare le sfide e cogliere le opportunit\u00e0 che si presentano.<\/em>&#8220;<\/p>\n\n\n\n<p>                                                                                                                                                                                                   <em>  La  Redazione<\/em><\/p>\n\n\n\n<figure class=\"wp-block-image size-large\"><img loading=\"lazy\" decoding=\"async\" width=\"943\" height=\"1024\" src=\"https:\/\/lavocedipianura.it\/wp-content\/uploads\/2023\/11\/giangi-2-943x1024.jpg\" alt=\"\" class=\"wp-image-1918\" srcset=\"https:\/\/lavocedipianura.it\/wp-content\/uploads\/2023\/11\/giangi-2-943x1024.jpg 943w, https:\/\/lavocedipianura.it\/wp-content\/uploads\/2023\/11\/giangi-2-276x300.jpg 276w, https:\/\/lavocedipianura.it\/wp-content\/uploads\/2023\/11\/giangi-2-768x834.jpg 768w, https:\/\/lavocedipianura.it\/wp-content\/uploads\/2023\/11\/giangi-2.jpg 1121w\" sizes=\"auto, (max-width: 943px) 100vw, 943px\" \/><\/figure>\n\n\n\n<p>(in foto Gianfranco Succoio &#8211; Forza Italia Giovani Campania)<\/p>\n","protected":false},"excerpt":{"rendered":"<p>Oggi 29 novembre, presso la sala consiliare del Comune di Napoli, in via G. Verdi n. 35, si terr\u00e0 la presentazione della lista: &#8220;Napoli ai Giovani &#8211; Uniti per il Futuro&#8221;. Dall&#8217;11 Dicembre al 15 si voter\u00e0, infatti, per eleggere il Forum dei Giovani del Comune di Napoli. Per chi non lo sapesse, si tratta [&hellip;]<\/p>\n","protected":false},"author":2,"featured_media":1916,"comment_status":"open","ping_status":"closed","sticky":false,"template":"","format":"standard","meta":{"footnotes":""},"categories":[1,12],"tags":[],"class_list":["post-1913","post","type-post","status-publish","format-standard","has-post-thumbnail","hentry","category-attualita","category-napoli"],"yoast_head":"<!-- This site is optimized with the Yoast SEO plugin v27.4 - https:\/\/yoast.com\/product\/yoast-seo-wordpress\/ -->\n<title>Elezione del Forum dei giovani - LA VOCE DI PIANURA<\/title>\n<meta name=\"robots\" content=\"index, follow, max-snippet:-1, max-image-preview:large, max-video-preview:-1\" \/>\n<link rel=\"canonical\" href=\"https:\/\/lavocedipianura.it\/?p=1913\" \/>\n<meta property=\"og:locale\" content=\"it_IT\" \/>\n<meta property=\"og:type\" content=\"article\" \/>\n<meta property=\"og:title\" content=\"Elezione del Forum dei giovani - LA VOCE DI PIANURA\" \/>\n<meta property=\"og:description\" content=\"Oggi 29 novembre, presso la sala consiliare del Comune di Napoli, in via G. Verdi n. 35, si terr\u00e0 la presentazione della lista: &#8220;Napoli ai Giovani &#8211; Uniti per il Futuro&#8221;. Dall&#8217;11 Dicembre al 15 si voter\u00e0, infatti, per eleggere il Forum dei Giovani del Comune di Napoli. Per chi non lo sapesse, si tratta [&hellip;]\" \/>\n<meta property=\"og:url\" content=\"https:\/\/lavocedipianura.it\/?p=1913\" \/>\n<meta property=\"og:site_name\" content=\"LA VOCE DI PIANURA\" \/>\n<meta property=\"article:publisher\" content=\"https:\/\/www.facebook.com\/lavoce.dipianuranews\" \/>\n<meta property=\"article:published_time\" content=\"2023-11-29T10:35:32+00:00\" \/>\n<meta property=\"article:modified_time\" content=\"2023-12-04T11:51:13+00:00\" \/>\n<meta property=\"og:image\" content=\"https:\/\/lavocedipianura.it\/wp-content\/uploads\/2023\/11\/6963e302-4ce0-4d48-a16f-d99108bf03af.jpg\" \/>\n\t<meta property=\"og:image:width\" content=\"1024\" \/>\n\t<meta property=\"og:image:height\" content=\"1024\" \/>\n\t<meta property=\"og:image:type\" content=\"image\/jpeg\" \/>\n<meta name=\"author\" content=\"La Voce Di Pianura\" \/>\n<meta name=\"twitter:card\" content=\"summary_large_image\" \/>\n<meta name=\"twitter:label1\" content=\"Scritto da\" \/>\n\t<meta name=\"twitter:data1\" content=\"La Voce Di Pianura\" \/>\n\t<meta name=\"twitter:label2\" content=\"Tempo di lettura stimato\" \/>\n\t<meta name=\"twitter:data2\" content=\"2 minuti\" \/>\n<script type=\"application\/ld+json\" class=\"yoast-schema-graph\">{\"@context\":\"https:\\\/\\\/schema.org\",\"@graph\":[{\"@type\":\"Article\",\"@id\":\"https:\\\/\\\/lavocedipianura.it\\\/?p=1913#article\",\"isPartOf\":{\"@id\":\"https:\\\/\\\/lavocedipianura.it\\\/?p=1913\"},\"author\":{\"name\":\"La Voce Di Pianura\",\"@id\":\"https:\\\/\\\/lavocedipianura.it\\\/#\\\/schema\\\/person\\\/2d2d7353b622e7e8469e95bea9855aae\"},\"headline\":\"Elezione del Forum dei giovani\",\"datePublished\":\"2023-11-29T10:35:32+00:00\",\"dateModified\":\"2023-12-04T11:51:13+00:00\",\"mainEntityOfPage\":{\"@id\":\"https:\\\/\\\/lavocedipianura.it\\\/?p=1913\"},\"wordCount\":334,\"commentCount\":0,\"publisher\":{\"@id\":\"https:\\\/\\\/lavocedipianura.it\\\/#organization\"},\"image\":{\"@id\":\"https:\\\/\\\/lavocedipianura.it\\\/?p=1913#primaryimage\"},\"thumbnailUrl\":\"https:\\\/\\\/lavocedipianura.it\\\/wp-content\\\/uploads\\\/2023\\\/11\\\/6963e302-4ce0-4d48-a16f-d99108bf03af.jpg\",\"articleSection\":[\"ATTUALITA' - PRIMO PIANO\",\"NAPOLI\"],\"inLanguage\":\"it-IT\",\"potentialAction\":[{\"@type\":\"CommentAction\",\"name\":\"Comment\",\"target\":[\"https:\\\/\\\/lavocedipianura.it\\\/?p=1913#respond\"]}]},{\"@type\":\"WebPage\",\"@id\":\"https:\\\/\\\/lavocedipianura.it\\\/?p=1913\",\"url\":\"https:\\\/\\\/lavocedipianura.it\\\/?p=1913\",\"name\":\"Elezione del Forum dei giovani - LA VOCE DI PIANURA\",\"isPartOf\":{\"@id\":\"https:\\\/\\\/lavocedipianura.it\\\/#website\"},\"primaryImageOfPage\":{\"@id\":\"https:\\\/\\\/lavocedipianura.it\\\/?p=1913#primaryimage\"},\"image\":{\"@id\":\"https:\\\/\\\/lavocedipianura.it\\\/?p=1913#primaryimage\"},\"thumbnailUrl\":\"https:\\\/\\\/lavocedipianura.it\\\/wp-content\\\/uploads\\\/2023\\\/11\\\/6963e302-4ce0-4d48-a16f-d99108bf03af.jpg\",\"datePublished\":\"2023-11-29T10:35:32+00:00\",\"dateModified\":\"2023-12-04T11:51:13+00:00\",\"breadcrumb\":{\"@id\":\"https:\\\/\\\/lavocedipianura.it\\\/?p=1913#breadcrumb\"},\"inLanguage\":\"it-IT\",\"potentialAction\":[{\"@type\":\"ReadAction\",\"target\":[\"https:\\\/\\\/lavocedipianura.it\\\/?p=1913\"]}]},{\"@type\":\"ImageObject\",\"inLanguage\":\"it-IT\",\"@id\":\"https:\\\/\\\/lavocedipianura.it\\\/?p=1913#primaryimage\",\"url\":\"https:\\\/\\\/lavocedipianura.it\\\/wp-content\\\/uploads\\\/2023\\\/11\\\/6963e302-4ce0-4d48-a16f-d99108bf03af.jpg\",\"contentUrl\":\"https:\\\/\\\/lavocedipianura.it\\\/wp-content\\\/uploads\\\/2023\\\/11\\\/6963e302-4ce0-4d48-a16f-d99108bf03af.jpg\",\"width\":1024,\"height\":1024},{\"@type\":\"BreadcrumbList\",\"@id\":\"https:\\\/\\\/lavocedipianura.it\\\/?p=1913#breadcrumb\",\"itemListElement\":[{\"@type\":\"ListItem\",\"position\":1,\"name\":\"Home\",\"item\":\"https:\\\/\\\/lavocedipianura.it\\\/\"},{\"@type\":\"ListItem\",\"position\":2,\"name\":\"Elezione del Forum dei giovani\"}]},{\"@type\":\"WebSite\",\"@id\":\"https:\\\/\\\/lavocedipianura.it\\\/#website\",\"url\":\"https:\\\/\\\/lavocedipianura.it\\\/\",\"name\":\"LA VOCE DI PIANURA\",\"description\":\"E NON SOLO ...\",\"publisher\":{\"@id\":\"https:\\\/\\\/lavocedipianura.it\\\/#organization\"},\"potentialAction\":[{\"@type\":\"SearchAction\",\"target\":{\"@type\":\"EntryPoint\",\"urlTemplate\":\"https:\\\/\\\/lavocedipianura.it\\\/?s={search_term_string}\"},\"query-input\":{\"@type\":\"PropertyValueSpecification\",\"valueRequired\":true,\"valueName\":\"search_term_string\"}}],\"inLanguage\":\"it-IT\"},{\"@type\":\"Organization\",\"@id\":\"https:\\\/\\\/lavocedipianura.it\\\/#organization\",\"name\":\"LA VOCE DI PIANURA\",\"url\":\"https:\\\/\\\/lavocedipianura.it\\\/\",\"logo\":{\"@type\":\"ImageObject\",\"inLanguage\":\"it-IT\",\"@id\":\"https:\\\/\\\/lavocedipianura.it\\\/#\\\/schema\\\/logo\\\/image\\\/\",\"url\":\"https:\\\/\\\/lavocedipianura.it\\\/wp-content\\\/uploads\\\/2023\\\/09\\\/cropped-5AEC9D48-F1EC-4405-87BD-B65B00FE3BE3.png\",\"contentUrl\":\"https:\\\/\\\/lavocedipianura.it\\\/wp-content\\\/uploads\\\/2023\\\/09\\\/cropped-5AEC9D48-F1EC-4405-87BD-B65B00FE3BE3.png\",\"width\":1600,\"height\":600,\"caption\":\"LA VOCE DI PIANURA\"},\"image\":{\"@id\":\"https:\\\/\\\/lavocedipianura.it\\\/#\\\/schema\\\/logo\\\/image\\\/\"},\"sameAs\":[\"https:\\\/\\\/www.facebook.com\\\/lavoce.dipianuranews\"]},{\"@type\":\"Person\",\"@id\":\"https:\\\/\\\/lavocedipianura.it\\\/#\\\/schema\\\/person\\\/2d2d7353b622e7e8469e95bea9855aae\",\"name\":\"La Voce Di Pianura\",\"image\":{\"@type\":\"ImageObject\",\"inLanguage\":\"it-IT\",\"@id\":\"https:\\\/\\\/secure.gravatar.com\\\/avatar\\\/cebe499e679fb7b2b2b8e73e14fb76614ae5bbf8c6ca528d79c96519ac1689b2?s=96&d=mm&r=g\",\"url\":\"https:\\\/\\\/secure.gravatar.com\\\/avatar\\\/cebe499e679fb7b2b2b8e73e14fb76614ae5bbf8c6ca528d79c96519ac1689b2?s=96&d=mm&r=g\",\"contentUrl\":\"https:\\\/\\\/secure.gravatar.com\\\/avatar\\\/cebe499e679fb7b2b2b8e73e14fb76614ae5bbf8c6ca528d79c96519ac1689b2?s=96&d=mm&r=g\",\"caption\":\"La Voce Di Pianura\"},\"url\":\"https:\\\/\\\/lavocedipianura.it\\\/?author=2\"}]}<\/script>\n<!-- \/ Yoast SEO plugin. -->","yoast_head_json":{"title":"Elezione del Forum dei giovani - LA VOCE DI PIANURA","robots":{"index":"index","follow":"follow","max-snippet":"max-snippet:-1","max-image-preview":"max-image-preview:large","max-video-preview":"max-video-preview:-1"},"canonical":"https:\/\/lavocedipianura.it\/?p=1913","og_locale":"it_IT","og_type":"article","og_title":"Elezione del Forum dei giovani - LA VOCE DI PIANURA","og_description":"Oggi 29 novembre, presso la sala consiliare del Comune di Napoli, in via G. Verdi n. 35, si terr\u00e0 la presentazione della lista: &#8220;Napoli ai Giovani &#8211; Uniti per il Futuro&#8221;. Dall&#8217;11 Dicembre al 15 si voter\u00e0, infatti, per eleggere il Forum dei Giovani del Comune di Napoli. Per chi non lo sapesse, si tratta [&hellip;]","og_url":"https:\/\/lavocedipianura.it\/?p=1913","og_site_name":"LA VOCE DI PIANURA","article_publisher":"https:\/\/www.facebook.com\/lavoce.dipianuranews","article_published_time":"2023-11-29T10:35:32+00:00","article_modified_time":"2023-12-04T11:51:13+00:00","og_image":[{"width":1024,"height":1024,"url":"https:\/\/lavocedipianura.it\/wp-content\/uploads\/2023\/11\/6963e302-4ce0-4d48-a16f-d99108bf03af.jpg","type":"image\/jpeg"}],"author":"La Voce Di Pianura","twitter_card":"summary_large_image","twitter_misc":{"Scritto da":"La Voce Di Pianura","Tempo di lettura stimato":"2 minuti"},"schema":{"@context":"https:\/\/schema.org","@graph":[{"@type":"Article","@id":"https:\/\/lavocedipianura.it\/?p=1913#article","isPartOf":{"@id":"https:\/\/lavocedipianura.it\/?p=1913"},"author":{"name":"La Voce Di Pianura","@id":"https:\/\/lavocedipianura.it\/#\/schema\/person\/2d2d7353b622e7e8469e95bea9855aae"},"headline":"Elezione del Forum dei giovani","datePublished":"2023-11-29T10:35:32+00:00","dateModified":"2023-12-04T11:51:13+00:00","mainEntityOfPage":{"@id":"https:\/\/lavocedipianura.it\/?p=1913"},"wordCount":334,"commentCount":0,"publisher":{"@id":"https:\/\/lavocedipianura.it\/#organization"},"image":{"@id":"https:\/\/lavocedipianura.it\/?p=1913#primaryimage"},"thumbnailUrl":"https:\/\/lavocedipianura.it\/wp-content\/uploads\/2023\/11\/6963e302-4ce0-4d48-a16f-d99108bf03af.jpg","articleSection":["ATTUALITA' - PRIMO PIANO","NAPOLI"],"inLanguage":"it-IT","potentialAction":[{"@type":"CommentAction","name":"Comment","target":["https:\/\/lavocedipianura.it\/?p=1913#respond"]}]},{"@type":"WebPage","@id":"https:\/\/lavocedipianura.it\/?p=1913","url":"https:\/\/lavocedipianura.it\/?p=1913","name":"Elezione del Forum dei giovani - LA VOCE DI PIANURA","isPartOf":{"@id":"https:\/\/lavocedipianura.it\/#website"},"primaryImageOfPage":{"@id":"https:\/\/lavocedipianura.it\/?p=1913#primaryimage"},"image":{"@id":"https:\/\/lavocedipianura.it\/?p=1913#primaryimage"},"thumbnailUrl":"https:\/\/lavocedipianura.it\/wp-content\/uploads\/2023\/11\/6963e302-4ce0-4d48-a16f-d99108bf03af.jpg","datePublished":"2023-11-29T10:35:32+00:00","dateModified":"2023-12-04T11:51:13+00:00","breadcrumb":{"@id":"https:\/\/lavocedipianura.it\/?p=1913#breadcrumb"},"inLanguage":"it-IT","potentialAction":[{"@type":"ReadAction","target":["https:\/\/lavocedipianura.it\/?p=1913"]}]},{"@type":"ImageObject","inLanguage":"it-IT","@id":"https:\/\/lavocedipianura.it\/?p=1913#primaryimage","url":"https:\/\/lavocedipianura.it\/wp-content\/uploads\/2023\/11\/6963e302-4ce0-4d48-a16f-d99108bf03af.jpg","contentUrl":"https:\/\/lavocedipianura.it\/wp-content\/uploads\/2023\/11\/6963e302-4ce0-4d48-a16f-d99108bf03af.jpg","width":1024,"height":1024},{"@type":"BreadcrumbList","@id":"https:\/\/lavocedipianura.it\/?p=1913#breadcrumb","itemListElement":[{"@type":"ListItem","position":1,"name":"Home","item":"https:\/\/lavocedipianura.it\/"},{"@type":"ListItem","position":2,"name":"Elezione del Forum dei giovani"}]},{"@type":"WebSite","@id":"https:\/\/lavocedipianura.it\/#website","url":"https:\/\/lavocedipianura.it\/","name":"LA VOCE DI PIANURA","description":"E NON SOLO ...","publisher":{"@id":"https:\/\/lavocedipianura.it\/#organization"},"potentialAction":[{"@type":"SearchAction","target":{"@type":"EntryPoint","urlTemplate":"https:\/\/lavocedipianura.it\/?s={search_term_string}"},"query-input":{"@type":"PropertyValueSpecification","valueRequired":true,"valueName":"search_term_string"}}],"inLanguage":"it-IT"},{"@type":"Organization","@id":"https:\/\/lavocedipianura.it\/#organization","name":"LA VOCE DI PIANURA","url":"https:\/\/lavocedipianura.it\/","logo":{"@type":"ImageObject","inLanguage":"it-IT","@id":"https:\/\/lavocedipianura.it\/#\/schema\/logo\/image\/","url":"https:\/\/lavocedipianura.it\/wp-content\/uploads\/2023\/09\/cropped-5AEC9D48-F1EC-4405-87BD-B65B00FE3BE3.png","contentUrl":"https:\/\/lavocedipianura.it\/wp-content\/uploads\/2023\/09\/cropped-5AEC9D48-F1EC-4405-87BD-B65B00FE3BE3.png","width":1600,"height":600,"caption":"LA VOCE DI PIANURA"},"image":{"@id":"https:\/\/lavocedipianura.it\/#\/schema\/logo\/image\/"},"sameAs":["https:\/\/www.facebook.com\/lavoce.dipianuranews"]},{"@type":"Person","@id":"https:\/\/lavocedipianura.it\/#\/schema\/person\/2d2d7353b622e7e8469e95bea9855aae","name":"La Voce Di Pianura","image":{"@type":"ImageObject","inLanguage":"it-IT","@id":"https:\/\/secure.gravatar.com\/avatar\/cebe499e679fb7b2b2b8e73e14fb76614ae5bbf8c6ca528d79c96519ac1689b2?s=96&d=mm&r=g","url":"https:\/\/secure.gravatar.com\/avatar\/cebe499e679fb7b2b2b8e73e14fb76614ae5bbf8c6ca528d79c96519ac1689b2?s=96&d=mm&r=g","contentUrl":"https:\/\/secure.gravatar.com\/avatar\/cebe499e679fb7b2b2b8e73e14fb76614ae5bbf8c6ca528d79c96519ac1689b2?s=96&d=mm&r=g","caption":"La Voce Di Pianura"},"url":"https:\/\/lavocedipianura.it\/?author=2"}]}},"_links":{"self":[{"href":"https:\/\/lavocedipianura.it\/index.php?rest_route=\/wp\/v2\/posts\/1913","targetHints":{"allow":["GET"]}}],"collection":[{"href":"https:\/\/lavocedipianura.it\/index.php?rest_route=\/wp\/v2\/posts"}],"about":[{"href":"https:\/\/lavocedipianura.it\/index.php?rest_route=\/wp\/v2\/types\/post"}],"author":[{"embeddable":true,"href":"https:\/\/lavocedipianura.it\/index.php?rest_route=\/wp\/v2\/users\/2"}],"replies":[{"embeddable":true,"href":"https:\/\/lavocedipianura.it\/index.php?rest_route=%2Fwp%2Fv2%2Fcomments&post=1913"}],"version-history":[{"count":5,"href":"https:\/\/lavocedipianura.it\/index.php?rest_route=\/wp\/v2\/posts\/1913\/revisions"}],"predecessor-version":[{"id":1971,"href":"https:\/\/lavocedipianura.it\/index.php?rest_route=\/wp\/v2\/posts\/1913\/revisions\/1971"}],"wp:featuredmedia":[{"embeddable":true,"href":"https:\/\/lavocedipianura.it\/index.php?rest_route=\/wp\/v2\/media\/1916"}],"wp:attachment":[{"href":"https:\/\/lavocedipianura.it\/index.php?rest_route=%2Fwp%2Fv2%2Fmedia&parent=1913"}],"wp:term":[{"taxonomy":"category","embeddable":true,"href":"https:\/\/lavocedipianura.it\/index.php?rest_route=%2Fwp%2Fv2%2Fcategories&post=1913"},{"taxonomy":"post_tag","embeddable":true,"href":"https:\/\/lavocedipianura.it\/index.php?rest_route=%2Fwp%2Fv2%2Ftags&post=1913"}],"curies":[{"name":"wp","href":"https:\/\/api.w.org\/{rel}","templated":true}]}}