{"id":1902,"date":"2023-11-28T14:46:28","date_gmt":"2023-11-28T14:46:28","guid":{"rendered":"https:\/\/lavocedipianura.it\/?p=1902"},"modified":"2023-11-28T14:46:30","modified_gmt":"2023-11-28T14:46:30","slug":"volammo-davvero-fabrizio-de-andre-nei-libri-d-artista","status":"publish","type":"post","link":"https:\/\/lavocedipianura.it\/?p=1902","title":{"rendered":"Volammo davvero: Fabrizio De Andr\u00e8, nei Libri d&#8217; Artista."},"content":{"rendered":"\n<figure class=\"wp-block-image size-large\"><img loading=\"lazy\" decoding=\"async\" width=\"724\" height=\"1024\" src=\"https:\/\/lavocedipianura.it\/wp-content\/uploads\/2023\/11\/IMG-20231128-WA0002-724x1024.jpg\" alt=\"\" class=\"wp-image-1903\" srcset=\"https:\/\/lavocedipianura.it\/wp-content\/uploads\/2023\/11\/IMG-20231128-WA0002-724x1024.jpg 724w, https:\/\/lavocedipianura.it\/wp-content\/uploads\/2023\/11\/IMG-20231128-WA0002-212x300.jpg 212w, https:\/\/lavocedipianura.it\/wp-content\/uploads\/2023\/11\/IMG-20231128-WA0002-768x1086.jpg 768w, https:\/\/lavocedipianura.it\/wp-content\/uploads\/2023\/11\/IMG-20231128-WA0002-1086x1536.jpg 1086w, https:\/\/lavocedipianura.it\/wp-content\/uploads\/2023\/11\/IMG-20231128-WA0002.jpg 1131w\" sizes=\"auto, (max-width: 724px) 100vw, 724px\" \/><\/figure>\n\n\n\n<p><strong>Volammo davvero: Fabrizio De Andr\u00e9 nei Libri d&#8217; Artista.<\/strong><\/p>\n\n\n\n<p>Dal 1 al 7 di dicembre si inaugura la manifestazione &#8220;<strong>Notte dei Licei Artistici della Campania&#8221;. <\/strong>Questa \u00e8 un&#8217; iniziativa promossa dalla <strong>Regione Puglia Assessorato all&#8217; Industria Turistica e Culturale.<\/strong> La giornata inaugurale del 1\u00b0 dicembre vedr\u00e0 la presentazione del vernissage attraverso l&#8217;esposizione internazionale di Libri d&#8217;Artista, presso la sede del <strong>Liceo Artistico &#8220;Giorgio De Chirico&#8221; di Torre Annunziata.<\/strong><\/p>\n\n\n\n<p>La manifestazione sar\u00e0 tenuta in occasione della &#8220;Notte dei Licei Artistici della Campania&#8221;. Tra gli esponenti presenti all&#8217; evento ci sar\u00e0 inoltre il <strong>prof.re Giorgio Cangiano<\/strong>; con la presentazione del suo libro: (<strong>La buona Novella di De Andr\u00e8) <\/strong>dedicato alla memoria dell&#8217;artista. La mostra sar\u00e0 poi trasferita presso il sito della <strong>Biblioteca di Trecase (NA)<\/strong>. <\/p>\n\n\n\n<p>La Redazione. <\/p>\n","protected":false},"excerpt":{"rendered":"<p>Volammo davvero: Fabrizio De Andr\u00e9 nei Libri d&#8217; Artista. Dal 1 al 7 di dicembre si inaugura la manifestazione &#8220;Notte dei Licei Artistici della Campania&#8221;. Questa \u00e8 un&#8217; iniziativa promossa dalla Regione Puglia Assessorato all&#8217; Industria Turistica e Culturale. La giornata inaugurale del 1\u00b0 dicembre vedr\u00e0 la presentazione del vernissage attraverso l&#8217;esposizione internazionale di Libri [&hellip;]<\/p>\n","protected":false},"author":2,"featured_media":1904,"comment_status":"open","ping_status":"closed","sticky":false,"template":"","format":"standard","meta":{"footnotes":""},"categories":[1,22],"tags":[],"class_list":["post-1902","post","type-post","status-publish","format-standard","has-post-thumbnail","hentry","category-attualita","category-zonavesuviana"],"yoast_head":"<!-- This site is optimized with the Yoast SEO plugin v27.4 - https:\/\/yoast.com\/product\/yoast-seo-wordpress\/ -->\n<title>Volammo davvero: Fabrizio De Andr\u00e8, nei Libri d&#039; Artista. - LA VOCE DI PIANURA<\/title>\n<meta name=\"description\" content=\"Il vernissage del 1 dicembre dar\u00e0 inizio alla magia. Sar\u00e0 una mostra letteraria questa dedicata a Fabrizio De Andr\u00e9.\" \/>\n<meta name=\"robots\" content=\"index, follow, max-snippet:-1, max-image-preview:large, max-video-preview:-1\" \/>\n<link rel=\"canonical\" href=\"https:\/\/lavocedipianura.it\/?p=1902\" \/>\n<meta property=\"og:locale\" content=\"it_IT\" \/>\n<meta property=\"og:type\" content=\"article\" \/>\n<meta property=\"og:title\" content=\"Volammo davvero: Fabrizio De Andr\u00e8, nei Libri d&#039; Artista. - LA VOCE DI PIANURA\" \/>\n<meta property=\"og:description\" content=\"Il vernissage del 1 dicembre dar\u00e0 inizio alla magia. Sar\u00e0 una mostra letteraria questa dedicata a Fabrizio De Andr\u00e9.\" \/>\n<meta property=\"og:url\" content=\"https:\/\/lavocedipianura.it\/?p=1902\" \/>\n<meta property=\"og:site_name\" content=\"LA VOCE DI PIANURA\" \/>\n<meta property=\"article:publisher\" content=\"https:\/\/www.facebook.com\/lavoce.dipianuranews\" \/>\n<meta property=\"article:published_time\" content=\"2023-11-28T14:46:28+00:00\" \/>\n<meta property=\"article:modified_time\" content=\"2023-11-28T14:46:30+00:00\" \/>\n<meta property=\"og:image\" content=\"https:\/\/lavocedipianura.it\/wp-content\/uploads\/2023\/11\/IMG-20231128-WA0027.jpg\" \/>\n\t<meta property=\"og:image:width\" content=\"1254\" \/>\n\t<meta property=\"og:image:height\" content=\"1600\" \/>\n\t<meta property=\"og:image:type\" content=\"image\/jpeg\" \/>\n<meta name=\"author\" content=\"La Voce Di Pianura\" \/>\n<meta name=\"twitter:card\" content=\"summary_large_image\" \/>\n<meta name=\"twitter:label1\" content=\"Scritto da\" \/>\n\t<meta name=\"twitter:data1\" content=\"La Voce Di Pianura\" \/>\n\t<meta name=\"twitter:label2\" content=\"Tempo di lettura stimato\" \/>\n\t<meta name=\"twitter:data2\" content=\"1 minuto\" \/>\n<script type=\"application\/ld+json\" class=\"yoast-schema-graph\">{\"@context\":\"https:\\\/\\\/schema.org\",\"@graph\":[{\"@type\":\"Article\",\"@id\":\"https:\\\/\\\/lavocedipianura.it\\\/?p=1902#article\",\"isPartOf\":{\"@id\":\"https:\\\/\\\/lavocedipianura.it\\\/?p=1902\"},\"author\":{\"name\":\"La Voce Di Pianura\",\"@id\":\"https:\\\/\\\/lavocedipianura.it\\\/#\\\/schema\\\/person\\\/2d2d7353b622e7e8469e95bea9855aae\"},\"headline\":\"Volammo davvero: Fabrizio De Andr\u00e8, nei Libri d&#8217; Artista.\",\"datePublished\":\"2023-11-28T14:46:28+00:00\",\"dateModified\":\"2023-11-28T14:46:30+00:00\",\"mainEntityOfPage\":{\"@id\":\"https:\\\/\\\/lavocedipianura.it\\\/?p=1902\"},\"wordCount\":134,\"commentCount\":0,\"publisher\":{\"@id\":\"https:\\\/\\\/lavocedipianura.it\\\/#organization\"},\"image\":{\"@id\":\"https:\\\/\\\/lavocedipianura.it\\\/?p=1902#primaryimage\"},\"thumbnailUrl\":\"https:\\\/\\\/lavocedipianura.it\\\/wp-content\\\/uploads\\\/2023\\\/11\\\/IMG-20231128-WA0027.jpg\",\"articleSection\":[\"ATTUALITA' - PRIMO PIANO\",\"ZONA VESUVIANA\"],\"inLanguage\":\"it-IT\",\"potentialAction\":[{\"@type\":\"CommentAction\",\"name\":\"Comment\",\"target\":[\"https:\\\/\\\/lavocedipianura.it\\\/?p=1902#respond\"]}]},{\"@type\":\"WebPage\",\"@id\":\"https:\\\/\\\/lavocedipianura.it\\\/?p=1902\",\"url\":\"https:\\\/\\\/lavocedipianura.it\\\/?p=1902\",\"name\":\"Volammo davvero: Fabrizio De Andr\u00e8, nei Libri d' Artista. - LA VOCE DI PIANURA\",\"isPartOf\":{\"@id\":\"https:\\\/\\\/lavocedipianura.it\\\/#website\"},\"primaryImageOfPage\":{\"@id\":\"https:\\\/\\\/lavocedipianura.it\\\/?p=1902#primaryimage\"},\"image\":{\"@id\":\"https:\\\/\\\/lavocedipianura.it\\\/?p=1902#primaryimage\"},\"thumbnailUrl\":\"https:\\\/\\\/lavocedipianura.it\\\/wp-content\\\/uploads\\\/2023\\\/11\\\/IMG-20231128-WA0027.jpg\",\"datePublished\":\"2023-11-28T14:46:28+00:00\",\"dateModified\":\"2023-11-28T14:46:30+00:00\",\"description\":\"Il vernissage del 1 dicembre dar\u00e0 inizio alla magia. Sar\u00e0 una mostra letteraria questa dedicata a Fabrizio De Andr\u00e9.\",\"breadcrumb\":{\"@id\":\"https:\\\/\\\/lavocedipianura.it\\\/?p=1902#breadcrumb\"},\"inLanguage\":\"it-IT\",\"potentialAction\":[{\"@type\":\"ReadAction\",\"target\":[\"https:\\\/\\\/lavocedipianura.it\\\/?p=1902\"]}]},{\"@type\":\"ImageObject\",\"inLanguage\":\"it-IT\",\"@id\":\"https:\\\/\\\/lavocedipianura.it\\\/?p=1902#primaryimage\",\"url\":\"https:\\\/\\\/lavocedipianura.it\\\/wp-content\\\/uploads\\\/2023\\\/11\\\/IMG-20231128-WA0027.jpg\",\"contentUrl\":\"https:\\\/\\\/lavocedipianura.it\\\/wp-content\\\/uploads\\\/2023\\\/11\\\/IMG-20231128-WA0027.jpg\",\"width\":1254,\"height\":1600},{\"@type\":\"BreadcrumbList\",\"@id\":\"https:\\\/\\\/lavocedipianura.it\\\/?p=1902#breadcrumb\",\"itemListElement\":[{\"@type\":\"ListItem\",\"position\":1,\"name\":\"Home\",\"item\":\"https:\\\/\\\/lavocedipianura.it\\\/\"},{\"@type\":\"ListItem\",\"position\":2,\"name\":\"Volammo davvero: Fabrizio De Andr\u00e8, nei Libri d&#8217; Artista.\"}]},{\"@type\":\"WebSite\",\"@id\":\"https:\\\/\\\/lavocedipianura.it\\\/#website\",\"url\":\"https:\\\/\\\/lavocedipianura.it\\\/\",\"name\":\"LA VOCE DI PIANURA\",\"description\":\"E NON SOLO ...\",\"publisher\":{\"@id\":\"https:\\\/\\\/lavocedipianura.it\\\/#organization\"},\"potentialAction\":[{\"@type\":\"SearchAction\",\"target\":{\"@type\":\"EntryPoint\",\"urlTemplate\":\"https:\\\/\\\/lavocedipianura.it\\\/?s={search_term_string}\"},\"query-input\":{\"@type\":\"PropertyValueSpecification\",\"valueRequired\":true,\"valueName\":\"search_term_string\"}}],\"inLanguage\":\"it-IT\"},{\"@type\":\"Organization\",\"@id\":\"https:\\\/\\\/lavocedipianura.it\\\/#organization\",\"name\":\"LA VOCE DI PIANURA\",\"url\":\"https:\\\/\\\/lavocedipianura.it\\\/\",\"logo\":{\"@type\":\"ImageObject\",\"inLanguage\":\"it-IT\",\"@id\":\"https:\\\/\\\/lavocedipianura.it\\\/#\\\/schema\\\/logo\\\/image\\\/\",\"url\":\"https:\\\/\\\/lavocedipianura.it\\\/wp-content\\\/uploads\\\/2023\\\/09\\\/cropped-5AEC9D48-F1EC-4405-87BD-B65B00FE3BE3.png\",\"contentUrl\":\"https:\\\/\\\/lavocedipianura.it\\\/wp-content\\\/uploads\\\/2023\\\/09\\\/cropped-5AEC9D48-F1EC-4405-87BD-B65B00FE3BE3.png\",\"width\":1600,\"height\":600,\"caption\":\"LA VOCE DI PIANURA\"},\"image\":{\"@id\":\"https:\\\/\\\/lavocedipianura.it\\\/#\\\/schema\\\/logo\\\/image\\\/\"},\"sameAs\":[\"https:\\\/\\\/www.facebook.com\\\/lavoce.dipianuranews\"]},{\"@type\":\"Person\",\"@id\":\"https:\\\/\\\/lavocedipianura.it\\\/#\\\/schema\\\/person\\\/2d2d7353b622e7e8469e95bea9855aae\",\"name\":\"La Voce Di Pianura\",\"image\":{\"@type\":\"ImageObject\",\"inLanguage\":\"it-IT\",\"@id\":\"https:\\\/\\\/secure.gravatar.com\\\/avatar\\\/cebe499e679fb7b2b2b8e73e14fb76614ae5bbf8c6ca528d79c96519ac1689b2?s=96&d=mm&r=g\",\"url\":\"https:\\\/\\\/secure.gravatar.com\\\/avatar\\\/cebe499e679fb7b2b2b8e73e14fb76614ae5bbf8c6ca528d79c96519ac1689b2?s=96&d=mm&r=g\",\"contentUrl\":\"https:\\\/\\\/secure.gravatar.com\\\/avatar\\\/cebe499e679fb7b2b2b8e73e14fb76614ae5bbf8c6ca528d79c96519ac1689b2?s=96&d=mm&r=g\",\"caption\":\"La Voce Di Pianura\"},\"url\":\"https:\\\/\\\/lavocedipianura.it\\\/?author=2\"}]}<\/script>\n<!-- \/ Yoast SEO plugin. -->","yoast_head_json":{"title":"Volammo davvero: Fabrizio De Andr\u00e8, nei Libri d' Artista. - LA VOCE DI PIANURA","description":"Il vernissage del 1 dicembre dar\u00e0 inizio alla magia. Sar\u00e0 una mostra letteraria questa dedicata a Fabrizio De Andr\u00e9.","robots":{"index":"index","follow":"follow","max-snippet":"max-snippet:-1","max-image-preview":"max-image-preview:large","max-video-preview":"max-video-preview:-1"},"canonical":"https:\/\/lavocedipianura.it\/?p=1902","og_locale":"it_IT","og_type":"article","og_title":"Volammo davvero: Fabrizio De Andr\u00e8, nei Libri d' Artista. - LA VOCE DI PIANURA","og_description":"Il vernissage del 1 dicembre dar\u00e0 inizio alla magia. Sar\u00e0 una mostra letteraria questa dedicata a Fabrizio De Andr\u00e9.","og_url":"https:\/\/lavocedipianura.it\/?p=1902","og_site_name":"LA VOCE DI PIANURA","article_publisher":"https:\/\/www.facebook.com\/lavoce.dipianuranews","article_published_time":"2023-11-28T14:46:28+00:00","article_modified_time":"2023-11-28T14:46:30+00:00","og_image":[{"width":1254,"height":1600,"url":"https:\/\/lavocedipianura.it\/wp-content\/uploads\/2023\/11\/IMG-20231128-WA0027.jpg","type":"image\/jpeg"}],"author":"La Voce Di Pianura","twitter_card":"summary_large_image","twitter_misc":{"Scritto da":"La Voce Di Pianura","Tempo di lettura stimato":"1 minuto"},"schema":{"@context":"https:\/\/schema.org","@graph":[{"@type":"Article","@id":"https:\/\/lavocedipianura.it\/?p=1902#article","isPartOf":{"@id":"https:\/\/lavocedipianura.it\/?p=1902"},"author":{"name":"La Voce Di Pianura","@id":"https:\/\/lavocedipianura.it\/#\/schema\/person\/2d2d7353b622e7e8469e95bea9855aae"},"headline":"Volammo davvero: Fabrizio De Andr\u00e8, nei Libri d&#8217; Artista.","datePublished":"2023-11-28T14:46:28+00:00","dateModified":"2023-11-28T14:46:30+00:00","mainEntityOfPage":{"@id":"https:\/\/lavocedipianura.it\/?p=1902"},"wordCount":134,"commentCount":0,"publisher":{"@id":"https:\/\/lavocedipianura.it\/#organization"},"image":{"@id":"https:\/\/lavocedipianura.it\/?p=1902#primaryimage"},"thumbnailUrl":"https:\/\/lavocedipianura.it\/wp-content\/uploads\/2023\/11\/IMG-20231128-WA0027.jpg","articleSection":["ATTUALITA' - PRIMO PIANO","ZONA VESUVIANA"],"inLanguage":"it-IT","potentialAction":[{"@type":"CommentAction","name":"Comment","target":["https:\/\/lavocedipianura.it\/?p=1902#respond"]}]},{"@type":"WebPage","@id":"https:\/\/lavocedipianura.it\/?p=1902","url":"https:\/\/lavocedipianura.it\/?p=1902","name":"Volammo davvero: Fabrizio De Andr\u00e8, nei Libri d' Artista. - LA VOCE DI PIANURA","isPartOf":{"@id":"https:\/\/lavocedipianura.it\/#website"},"primaryImageOfPage":{"@id":"https:\/\/lavocedipianura.it\/?p=1902#primaryimage"},"image":{"@id":"https:\/\/lavocedipianura.it\/?p=1902#primaryimage"},"thumbnailUrl":"https:\/\/lavocedipianura.it\/wp-content\/uploads\/2023\/11\/IMG-20231128-WA0027.jpg","datePublished":"2023-11-28T14:46:28+00:00","dateModified":"2023-11-28T14:46:30+00:00","description":"Il vernissage del 1 dicembre dar\u00e0 inizio alla magia. Sar\u00e0 una mostra letteraria questa dedicata a Fabrizio De Andr\u00e9.","breadcrumb":{"@id":"https:\/\/lavocedipianura.it\/?p=1902#breadcrumb"},"inLanguage":"it-IT","potentialAction":[{"@type":"ReadAction","target":["https:\/\/lavocedipianura.it\/?p=1902"]}]},{"@type":"ImageObject","inLanguage":"it-IT","@id":"https:\/\/lavocedipianura.it\/?p=1902#primaryimage","url":"https:\/\/lavocedipianura.it\/wp-content\/uploads\/2023\/11\/IMG-20231128-WA0027.jpg","contentUrl":"https:\/\/lavocedipianura.it\/wp-content\/uploads\/2023\/11\/IMG-20231128-WA0027.jpg","width":1254,"height":1600},{"@type":"BreadcrumbList","@id":"https:\/\/lavocedipianura.it\/?p=1902#breadcrumb","itemListElement":[{"@type":"ListItem","position":1,"name":"Home","item":"https:\/\/lavocedipianura.it\/"},{"@type":"ListItem","position":2,"name":"Volammo davvero: Fabrizio De Andr\u00e8, nei Libri d&#8217; Artista."}]},{"@type":"WebSite","@id":"https:\/\/lavocedipianura.it\/#website","url":"https:\/\/lavocedipianura.it\/","name":"LA VOCE DI PIANURA","description":"E NON SOLO ...","publisher":{"@id":"https:\/\/lavocedipianura.it\/#organization"},"potentialAction":[{"@type":"SearchAction","target":{"@type":"EntryPoint","urlTemplate":"https:\/\/lavocedipianura.it\/?s={search_term_string}"},"query-input":{"@type":"PropertyValueSpecification","valueRequired":true,"valueName":"search_term_string"}}],"inLanguage":"it-IT"},{"@type":"Organization","@id":"https:\/\/lavocedipianura.it\/#organization","name":"LA VOCE DI PIANURA","url":"https:\/\/lavocedipianura.it\/","logo":{"@type":"ImageObject","inLanguage":"it-IT","@id":"https:\/\/lavocedipianura.it\/#\/schema\/logo\/image\/","url":"https:\/\/lavocedipianura.it\/wp-content\/uploads\/2023\/09\/cropped-5AEC9D48-F1EC-4405-87BD-B65B00FE3BE3.png","contentUrl":"https:\/\/lavocedipianura.it\/wp-content\/uploads\/2023\/09\/cropped-5AEC9D48-F1EC-4405-87BD-B65B00FE3BE3.png","width":1600,"height":600,"caption":"LA VOCE DI PIANURA"},"image":{"@id":"https:\/\/lavocedipianura.it\/#\/schema\/logo\/image\/"},"sameAs":["https:\/\/www.facebook.com\/lavoce.dipianuranews"]},{"@type":"Person","@id":"https:\/\/lavocedipianura.it\/#\/schema\/person\/2d2d7353b622e7e8469e95bea9855aae","name":"La Voce Di Pianura","image":{"@type":"ImageObject","inLanguage":"it-IT","@id":"https:\/\/secure.gravatar.com\/avatar\/cebe499e679fb7b2b2b8e73e14fb76614ae5bbf8c6ca528d79c96519ac1689b2?s=96&d=mm&r=g","url":"https:\/\/secure.gravatar.com\/avatar\/cebe499e679fb7b2b2b8e73e14fb76614ae5bbf8c6ca528d79c96519ac1689b2?s=96&d=mm&r=g","contentUrl":"https:\/\/secure.gravatar.com\/avatar\/cebe499e679fb7b2b2b8e73e14fb76614ae5bbf8c6ca528d79c96519ac1689b2?s=96&d=mm&r=g","caption":"La Voce Di Pianura"},"url":"https:\/\/lavocedipianura.it\/?author=2"}]}},"_links":{"self":[{"href":"https:\/\/lavocedipianura.it\/index.php?rest_route=\/wp\/v2\/posts\/1902","targetHints":{"allow":["GET"]}}],"collection":[{"href":"https:\/\/lavocedipianura.it\/index.php?rest_route=\/wp\/v2\/posts"}],"about":[{"href":"https:\/\/lavocedipianura.it\/index.php?rest_route=\/wp\/v2\/types\/post"}],"author":[{"embeddable":true,"href":"https:\/\/lavocedipianura.it\/index.php?rest_route=\/wp\/v2\/users\/2"}],"replies":[{"embeddable":true,"href":"https:\/\/lavocedipianura.it\/index.php?rest_route=%2Fwp%2Fv2%2Fcomments&post=1902"}],"version-history":[{"count":2,"href":"https:\/\/lavocedipianura.it\/index.php?rest_route=\/wp\/v2\/posts\/1902\/revisions"}],"predecessor-version":[{"id":1906,"href":"https:\/\/lavocedipianura.it\/index.php?rest_route=\/wp\/v2\/posts\/1902\/revisions\/1906"}],"wp:featuredmedia":[{"embeddable":true,"href":"https:\/\/lavocedipianura.it\/index.php?rest_route=\/wp\/v2\/media\/1904"}],"wp:attachment":[{"href":"https:\/\/lavocedipianura.it\/index.php?rest_route=%2Fwp%2Fv2%2Fmedia&parent=1902"}],"wp:term":[{"taxonomy":"category","embeddable":true,"href":"https:\/\/lavocedipianura.it\/index.php?rest_route=%2Fwp%2Fv2%2Fcategories&post=1902"},{"taxonomy":"post_tag","embeddable":true,"href":"https:\/\/lavocedipianura.it\/index.php?rest_route=%2Fwp%2Fv2%2Ftags&post=1902"}],"curies":[{"name":"wp","href":"https:\/\/api.w.org\/{rel}","templated":true}]}}