{"id":1861,"date":"2023-11-25T14:42:11","date_gmt":"2023-11-25T14:42:11","guid":{"rendered":"https:\/\/lavocedipianura.it\/?p=1861"},"modified":"2023-11-27T13:29:03","modified_gmt":"2023-11-27T13:29:03","slug":"barra-riparte-la-festa-dei-gigli-grazie-alle-associazioni","status":"publish","type":"post","link":"https:\/\/lavocedipianura.it\/?p=1861","title":{"rendered":"Barra: riparte la festa dei Gigli grazie alle associazioni"},"content":{"rendered":"\n<p>Si \u00e8 svolta nella splendida cornice della Casa Comunale di Barra, in piazza De Franchis la conferenza stampa sulla festa dei Gigli 2023 da poco conclusa. Il Presidente della Sesta Municipalit\u00e0 dott. Sandro Fucito ha evidenziato come per la prima volta vi sia stato l&#8217;intervento del Comune. Le Istituzioni unitamente alle Associazioni hanno contributo allo splendido risultato ottenuto in un&#8217;ottica di coesione. I consiglieri comunali intervenuti hanno sottolineato la necessit\u00e0 che la festa non sia solo di Barra ma possa avere una caratura nazionale e possa essere per Barra una occasione imperdibile di rilancio soprattutto del commercio.<br>Significativo l&#8217;intervento di Marco Nonno, giunto in sala accompagnato dal consigliere comunale Giorgio Longobardi. Marco Nonno con un breve discorso che ha per\u00f2 ricevuto un tripudio di applausi bipartisan da esponenti di ogni estrazione politica da destra a sinistra ha sottolineato la necessit\u00e0 che la festa e conseguenzialmente il quartiere crescano sempre di pi\u00f9: la festa funga da calamita per investimenti nelle infrastrutture locali e per stimolare la crescita del territorio. Successivamente \u00e8 stata presentata la mostra dei Gigli in miniatura e toccante \u00e8 stato l&#8217;intervento dei ragazzi adolescenti che presentandosi alla platea hanno mostrato l&#8217;amore per la festa realizzando anche dei Gigli di cartapesta. Ora dopo il successo della festa dei Gigli di Barra del 2023 tutti, Istituzioni, Comitati, Associazioni, hanno manifestato la ferma volont\u00e0 di lavorare in sinergia affinch\u00e9 la festa del 2024 dia maggior lustro alla citt\u00e0.<\/p>\n\n\n\n<p>a cura di Giorgio Contovas<\/p>\n","protected":false},"excerpt":{"rendered":"<p>Si \u00e8 svolta nella splendida cornice della Casa Comunale di Barra, in piazza De Franchis la conferenza stampa sulla festa dei Gigli 2023 da poco conclusa. Il Presidente della Sesta Municipalit\u00e0 dott. Sandro Fucito ha evidenziato come per la prima volta vi sia stato l&#8217;intervento del Comune. Le Istituzioni unitamente alle Associazioni hanno contributo allo [&hellip;]<\/p>\n","protected":false},"author":2,"featured_media":1863,"comment_status":"open","ping_status":"closed","sticky":false,"template":"","format":"standard","meta":{"footnotes":""},"categories":[1,34],"tags":[],"class_list":["post-1861","post","type-post","status-publish","format-standard","has-post-thumbnail","hentry","category-attualita","category-barra"],"yoast_head":"<!-- This site is optimized with the Yoast SEO plugin v27.4 - https:\/\/yoast.com\/product\/yoast-seo-wordpress\/ -->\n<title>Barra: riparte la festa dei Gigli grazie alle associazioni - LA VOCE DI PIANURA<\/title>\n<meta name=\"robots\" content=\"index, follow, max-snippet:-1, max-image-preview:large, max-video-preview:-1\" \/>\n<link rel=\"canonical\" href=\"https:\/\/lavocedipianura.it\/?p=1861\" \/>\n<meta property=\"og:locale\" content=\"it_IT\" \/>\n<meta property=\"og:type\" content=\"article\" \/>\n<meta property=\"og:title\" content=\"Barra: riparte la festa dei Gigli grazie alle associazioni - LA VOCE DI PIANURA\" \/>\n<meta property=\"og:description\" content=\"Si \u00e8 svolta nella splendida cornice della Casa Comunale di Barra, in piazza De Franchis la conferenza stampa sulla festa dei Gigli 2023 da poco conclusa. Il Presidente della Sesta Municipalit\u00e0 dott. Sandro Fucito ha evidenziato come per la prima volta vi sia stato l&#8217;intervento del Comune. Le Istituzioni unitamente alle Associazioni hanno contributo allo [&hellip;]\" \/>\n<meta property=\"og:url\" content=\"https:\/\/lavocedipianura.it\/?p=1861\" \/>\n<meta property=\"og:site_name\" content=\"LA VOCE DI PIANURA\" \/>\n<meta property=\"article:publisher\" content=\"https:\/\/www.facebook.com\/lavoce.dipianuranews\" \/>\n<meta property=\"article:published_time\" content=\"2023-11-25T14:42:11+00:00\" \/>\n<meta property=\"article:modified_time\" content=\"2023-11-27T13:29:03+00:00\" \/>\n<meta property=\"og:image\" content=\"https:\/\/lavocedipianura.it\/wp-content\/uploads\/2023\/11\/Immagine-WhatsApp-2023-11-25-ore-15.22.14_be9f4a73.jpg\" \/>\n\t<meta property=\"og:image:width\" content=\"1600\" \/>\n\t<meta property=\"og:image:height\" content=\"1200\" \/>\n\t<meta property=\"og:image:type\" content=\"image\/jpeg\" \/>\n<meta name=\"author\" content=\"La Voce Di Pianura\" \/>\n<meta name=\"twitter:card\" content=\"summary_large_image\" \/>\n<meta name=\"twitter:label1\" content=\"Scritto da\" \/>\n\t<meta name=\"twitter:data1\" content=\"La Voce Di Pianura\" \/>\n\t<meta name=\"twitter:label2\" content=\"Tempo di lettura stimato\" \/>\n\t<meta name=\"twitter:data2\" content=\"2 minuti\" \/>\n<script type=\"application\/ld+json\" class=\"yoast-schema-graph\">{\"@context\":\"https:\\\/\\\/schema.org\",\"@graph\":[{\"@type\":\"Article\",\"@id\":\"https:\\\/\\\/lavocedipianura.it\\\/?p=1861#article\",\"isPartOf\":{\"@id\":\"https:\\\/\\\/lavocedipianura.it\\\/?p=1861\"},\"author\":{\"name\":\"La Voce Di Pianura\",\"@id\":\"https:\\\/\\\/lavocedipianura.it\\\/#\\\/schema\\\/person\\\/2d2d7353b622e7e8469e95bea9855aae\"},\"headline\":\"Barra: riparte la festa dei Gigli grazie alle associazioni\",\"datePublished\":\"2023-11-25T14:42:11+00:00\",\"dateModified\":\"2023-11-27T13:29:03+00:00\",\"mainEntityOfPage\":{\"@id\":\"https:\\\/\\\/lavocedipianura.it\\\/?p=1861\"},\"wordCount\":250,\"commentCount\":0,\"publisher\":{\"@id\":\"https:\\\/\\\/lavocedipianura.it\\\/#organization\"},\"image\":{\"@id\":\"https:\\\/\\\/lavocedipianura.it\\\/?p=1861#primaryimage\"},\"thumbnailUrl\":\"https:\\\/\\\/lavocedipianura.it\\\/wp-content\\\/uploads\\\/2023\\\/11\\\/Immagine-WhatsApp-2023-11-25-ore-15.22.14_be9f4a73.jpg\",\"articleSection\":[\"ATTUALITA' - PRIMO PIANO\",\"BARRA\"],\"inLanguage\":\"it-IT\",\"potentialAction\":[{\"@type\":\"CommentAction\",\"name\":\"Comment\",\"target\":[\"https:\\\/\\\/lavocedipianura.it\\\/?p=1861#respond\"]}]},{\"@type\":\"WebPage\",\"@id\":\"https:\\\/\\\/lavocedipianura.it\\\/?p=1861\",\"url\":\"https:\\\/\\\/lavocedipianura.it\\\/?p=1861\",\"name\":\"Barra: riparte la festa dei Gigli grazie alle associazioni - LA VOCE DI PIANURA\",\"isPartOf\":{\"@id\":\"https:\\\/\\\/lavocedipianura.it\\\/#website\"},\"primaryImageOfPage\":{\"@id\":\"https:\\\/\\\/lavocedipianura.it\\\/?p=1861#primaryimage\"},\"image\":{\"@id\":\"https:\\\/\\\/lavocedipianura.it\\\/?p=1861#primaryimage\"},\"thumbnailUrl\":\"https:\\\/\\\/lavocedipianura.it\\\/wp-content\\\/uploads\\\/2023\\\/11\\\/Immagine-WhatsApp-2023-11-25-ore-15.22.14_be9f4a73.jpg\",\"datePublished\":\"2023-11-25T14:42:11+00:00\",\"dateModified\":\"2023-11-27T13:29:03+00:00\",\"breadcrumb\":{\"@id\":\"https:\\\/\\\/lavocedipianura.it\\\/?p=1861#breadcrumb\"},\"inLanguage\":\"it-IT\",\"potentialAction\":[{\"@type\":\"ReadAction\",\"target\":[\"https:\\\/\\\/lavocedipianura.it\\\/?p=1861\"]}]},{\"@type\":\"ImageObject\",\"inLanguage\":\"it-IT\",\"@id\":\"https:\\\/\\\/lavocedipianura.it\\\/?p=1861#primaryimage\",\"url\":\"https:\\\/\\\/lavocedipianura.it\\\/wp-content\\\/uploads\\\/2023\\\/11\\\/Immagine-WhatsApp-2023-11-25-ore-15.22.14_be9f4a73.jpg\",\"contentUrl\":\"https:\\\/\\\/lavocedipianura.it\\\/wp-content\\\/uploads\\\/2023\\\/11\\\/Immagine-WhatsApp-2023-11-25-ore-15.22.14_be9f4a73.jpg\",\"width\":1600,\"height\":1200},{\"@type\":\"BreadcrumbList\",\"@id\":\"https:\\\/\\\/lavocedipianura.it\\\/?p=1861#breadcrumb\",\"itemListElement\":[{\"@type\":\"ListItem\",\"position\":1,\"name\":\"Home\",\"item\":\"https:\\\/\\\/lavocedipianura.it\\\/\"},{\"@type\":\"ListItem\",\"position\":2,\"name\":\"Barra: riparte la festa dei Gigli grazie alle associazioni\"}]},{\"@type\":\"WebSite\",\"@id\":\"https:\\\/\\\/lavocedipianura.it\\\/#website\",\"url\":\"https:\\\/\\\/lavocedipianura.it\\\/\",\"name\":\"LA VOCE DI PIANURA\",\"description\":\"E NON SOLO ...\",\"publisher\":{\"@id\":\"https:\\\/\\\/lavocedipianura.it\\\/#organization\"},\"potentialAction\":[{\"@type\":\"SearchAction\",\"target\":{\"@type\":\"EntryPoint\",\"urlTemplate\":\"https:\\\/\\\/lavocedipianura.it\\\/?s={search_term_string}\"},\"query-input\":{\"@type\":\"PropertyValueSpecification\",\"valueRequired\":true,\"valueName\":\"search_term_string\"}}],\"inLanguage\":\"it-IT\"},{\"@type\":\"Organization\",\"@id\":\"https:\\\/\\\/lavocedipianura.it\\\/#organization\",\"name\":\"LA VOCE DI PIANURA\",\"url\":\"https:\\\/\\\/lavocedipianura.it\\\/\",\"logo\":{\"@type\":\"ImageObject\",\"inLanguage\":\"it-IT\",\"@id\":\"https:\\\/\\\/lavocedipianura.it\\\/#\\\/schema\\\/logo\\\/image\\\/\",\"url\":\"https:\\\/\\\/lavocedipianura.it\\\/wp-content\\\/uploads\\\/2023\\\/09\\\/cropped-5AEC9D48-F1EC-4405-87BD-B65B00FE3BE3.png\",\"contentUrl\":\"https:\\\/\\\/lavocedipianura.it\\\/wp-content\\\/uploads\\\/2023\\\/09\\\/cropped-5AEC9D48-F1EC-4405-87BD-B65B00FE3BE3.png\",\"width\":1600,\"height\":600,\"caption\":\"LA VOCE DI PIANURA\"},\"image\":{\"@id\":\"https:\\\/\\\/lavocedipianura.it\\\/#\\\/schema\\\/logo\\\/image\\\/\"},\"sameAs\":[\"https:\\\/\\\/www.facebook.com\\\/lavoce.dipianuranews\"]},{\"@type\":\"Person\",\"@id\":\"https:\\\/\\\/lavocedipianura.it\\\/#\\\/schema\\\/person\\\/2d2d7353b622e7e8469e95bea9855aae\",\"name\":\"La Voce Di Pianura\",\"image\":{\"@type\":\"ImageObject\",\"inLanguage\":\"it-IT\",\"@id\":\"https:\\\/\\\/secure.gravatar.com\\\/avatar\\\/cebe499e679fb7b2b2b8e73e14fb76614ae5bbf8c6ca528d79c96519ac1689b2?s=96&d=mm&r=g\",\"url\":\"https:\\\/\\\/secure.gravatar.com\\\/avatar\\\/cebe499e679fb7b2b2b8e73e14fb76614ae5bbf8c6ca528d79c96519ac1689b2?s=96&d=mm&r=g\",\"contentUrl\":\"https:\\\/\\\/secure.gravatar.com\\\/avatar\\\/cebe499e679fb7b2b2b8e73e14fb76614ae5bbf8c6ca528d79c96519ac1689b2?s=96&d=mm&r=g\",\"caption\":\"La Voce Di Pianura\"},\"url\":\"https:\\\/\\\/lavocedipianura.it\\\/?author=2\"}]}<\/script>\n<!-- \/ Yoast SEO plugin. -->","yoast_head_json":{"title":"Barra: riparte la festa dei Gigli grazie alle associazioni - LA VOCE DI PIANURA","robots":{"index":"index","follow":"follow","max-snippet":"max-snippet:-1","max-image-preview":"max-image-preview:large","max-video-preview":"max-video-preview:-1"},"canonical":"https:\/\/lavocedipianura.it\/?p=1861","og_locale":"it_IT","og_type":"article","og_title":"Barra: riparte la festa dei Gigli grazie alle associazioni - LA VOCE DI PIANURA","og_description":"Si \u00e8 svolta nella splendida cornice della Casa Comunale di Barra, in piazza De Franchis la conferenza stampa sulla festa dei Gigli 2023 da poco conclusa. Il Presidente della Sesta Municipalit\u00e0 dott. Sandro Fucito ha evidenziato come per la prima volta vi sia stato l&#8217;intervento del Comune. Le Istituzioni unitamente alle Associazioni hanno contributo allo [&hellip;]","og_url":"https:\/\/lavocedipianura.it\/?p=1861","og_site_name":"LA VOCE DI PIANURA","article_publisher":"https:\/\/www.facebook.com\/lavoce.dipianuranews","article_published_time":"2023-11-25T14:42:11+00:00","article_modified_time":"2023-11-27T13:29:03+00:00","og_image":[{"width":1600,"height":1200,"url":"https:\/\/lavocedipianura.it\/wp-content\/uploads\/2023\/11\/Immagine-WhatsApp-2023-11-25-ore-15.22.14_be9f4a73.jpg","type":"image\/jpeg"}],"author":"La Voce Di Pianura","twitter_card":"summary_large_image","twitter_misc":{"Scritto da":"La Voce Di Pianura","Tempo di lettura stimato":"2 minuti"},"schema":{"@context":"https:\/\/schema.org","@graph":[{"@type":"Article","@id":"https:\/\/lavocedipianura.it\/?p=1861#article","isPartOf":{"@id":"https:\/\/lavocedipianura.it\/?p=1861"},"author":{"name":"La Voce Di Pianura","@id":"https:\/\/lavocedipianura.it\/#\/schema\/person\/2d2d7353b622e7e8469e95bea9855aae"},"headline":"Barra: riparte la festa dei Gigli grazie alle associazioni","datePublished":"2023-11-25T14:42:11+00:00","dateModified":"2023-11-27T13:29:03+00:00","mainEntityOfPage":{"@id":"https:\/\/lavocedipianura.it\/?p=1861"},"wordCount":250,"commentCount":0,"publisher":{"@id":"https:\/\/lavocedipianura.it\/#organization"},"image":{"@id":"https:\/\/lavocedipianura.it\/?p=1861#primaryimage"},"thumbnailUrl":"https:\/\/lavocedipianura.it\/wp-content\/uploads\/2023\/11\/Immagine-WhatsApp-2023-11-25-ore-15.22.14_be9f4a73.jpg","articleSection":["ATTUALITA' - PRIMO PIANO","BARRA"],"inLanguage":"it-IT","potentialAction":[{"@type":"CommentAction","name":"Comment","target":["https:\/\/lavocedipianura.it\/?p=1861#respond"]}]},{"@type":"WebPage","@id":"https:\/\/lavocedipianura.it\/?p=1861","url":"https:\/\/lavocedipianura.it\/?p=1861","name":"Barra: riparte la festa dei Gigli grazie alle associazioni - LA VOCE DI PIANURA","isPartOf":{"@id":"https:\/\/lavocedipianura.it\/#website"},"primaryImageOfPage":{"@id":"https:\/\/lavocedipianura.it\/?p=1861#primaryimage"},"image":{"@id":"https:\/\/lavocedipianura.it\/?p=1861#primaryimage"},"thumbnailUrl":"https:\/\/lavocedipianura.it\/wp-content\/uploads\/2023\/11\/Immagine-WhatsApp-2023-11-25-ore-15.22.14_be9f4a73.jpg","datePublished":"2023-11-25T14:42:11+00:00","dateModified":"2023-11-27T13:29:03+00:00","breadcrumb":{"@id":"https:\/\/lavocedipianura.it\/?p=1861#breadcrumb"},"inLanguage":"it-IT","potentialAction":[{"@type":"ReadAction","target":["https:\/\/lavocedipianura.it\/?p=1861"]}]},{"@type":"ImageObject","inLanguage":"it-IT","@id":"https:\/\/lavocedipianura.it\/?p=1861#primaryimage","url":"https:\/\/lavocedipianura.it\/wp-content\/uploads\/2023\/11\/Immagine-WhatsApp-2023-11-25-ore-15.22.14_be9f4a73.jpg","contentUrl":"https:\/\/lavocedipianura.it\/wp-content\/uploads\/2023\/11\/Immagine-WhatsApp-2023-11-25-ore-15.22.14_be9f4a73.jpg","width":1600,"height":1200},{"@type":"BreadcrumbList","@id":"https:\/\/lavocedipianura.it\/?p=1861#breadcrumb","itemListElement":[{"@type":"ListItem","position":1,"name":"Home","item":"https:\/\/lavocedipianura.it\/"},{"@type":"ListItem","position":2,"name":"Barra: riparte la festa dei Gigli grazie alle associazioni"}]},{"@type":"WebSite","@id":"https:\/\/lavocedipianura.it\/#website","url":"https:\/\/lavocedipianura.it\/","name":"LA VOCE DI PIANURA","description":"E NON SOLO ...","publisher":{"@id":"https:\/\/lavocedipianura.it\/#organization"},"potentialAction":[{"@type":"SearchAction","target":{"@type":"EntryPoint","urlTemplate":"https:\/\/lavocedipianura.it\/?s={search_term_string}"},"query-input":{"@type":"PropertyValueSpecification","valueRequired":true,"valueName":"search_term_string"}}],"inLanguage":"it-IT"},{"@type":"Organization","@id":"https:\/\/lavocedipianura.it\/#organization","name":"LA VOCE DI PIANURA","url":"https:\/\/lavocedipianura.it\/","logo":{"@type":"ImageObject","inLanguage":"it-IT","@id":"https:\/\/lavocedipianura.it\/#\/schema\/logo\/image\/","url":"https:\/\/lavocedipianura.it\/wp-content\/uploads\/2023\/09\/cropped-5AEC9D48-F1EC-4405-87BD-B65B00FE3BE3.png","contentUrl":"https:\/\/lavocedipianura.it\/wp-content\/uploads\/2023\/09\/cropped-5AEC9D48-F1EC-4405-87BD-B65B00FE3BE3.png","width":1600,"height":600,"caption":"LA VOCE DI PIANURA"},"image":{"@id":"https:\/\/lavocedipianura.it\/#\/schema\/logo\/image\/"},"sameAs":["https:\/\/www.facebook.com\/lavoce.dipianuranews"]},{"@type":"Person","@id":"https:\/\/lavocedipianura.it\/#\/schema\/person\/2d2d7353b622e7e8469e95bea9855aae","name":"La Voce Di Pianura","image":{"@type":"ImageObject","inLanguage":"it-IT","@id":"https:\/\/secure.gravatar.com\/avatar\/cebe499e679fb7b2b2b8e73e14fb76614ae5bbf8c6ca528d79c96519ac1689b2?s=96&d=mm&r=g","url":"https:\/\/secure.gravatar.com\/avatar\/cebe499e679fb7b2b2b8e73e14fb76614ae5bbf8c6ca528d79c96519ac1689b2?s=96&d=mm&r=g","contentUrl":"https:\/\/secure.gravatar.com\/avatar\/cebe499e679fb7b2b2b8e73e14fb76614ae5bbf8c6ca528d79c96519ac1689b2?s=96&d=mm&r=g","caption":"La Voce Di Pianura"},"url":"https:\/\/lavocedipianura.it\/?author=2"}]}},"_links":{"self":[{"href":"https:\/\/lavocedipianura.it\/index.php?rest_route=\/wp\/v2\/posts\/1861","targetHints":{"allow":["GET"]}}],"collection":[{"href":"https:\/\/lavocedipianura.it\/index.php?rest_route=\/wp\/v2\/posts"}],"about":[{"href":"https:\/\/lavocedipianura.it\/index.php?rest_route=\/wp\/v2\/types\/post"}],"author":[{"embeddable":true,"href":"https:\/\/lavocedipianura.it\/index.php?rest_route=\/wp\/v2\/users\/2"}],"replies":[{"embeddable":true,"href":"https:\/\/lavocedipianura.it\/index.php?rest_route=%2Fwp%2Fv2%2Fcomments&post=1861"}],"version-history":[{"count":2,"href":"https:\/\/lavocedipianura.it\/index.php?rest_route=\/wp\/v2\/posts\/1861\/revisions"}],"predecessor-version":[{"id":1896,"href":"https:\/\/lavocedipianura.it\/index.php?rest_route=\/wp\/v2\/posts\/1861\/revisions\/1896"}],"wp:featuredmedia":[{"embeddable":true,"href":"https:\/\/lavocedipianura.it\/index.php?rest_route=\/wp\/v2\/media\/1863"}],"wp:attachment":[{"href":"https:\/\/lavocedipianura.it\/index.php?rest_route=%2Fwp%2Fv2%2Fmedia&parent=1861"}],"wp:term":[{"taxonomy":"category","embeddable":true,"href":"https:\/\/lavocedipianura.it\/index.php?rest_route=%2Fwp%2Fv2%2Fcategories&post=1861"},{"taxonomy":"post_tag","embeddable":true,"href":"https:\/\/lavocedipianura.it\/index.php?rest_route=%2Fwp%2Fv2%2Ftags&post=1861"}],"curies":[{"name":"wp","href":"https:\/\/api.w.org\/{rel}","templated":true}]}}